{"id":1972,"date":"2025-12-31T09:00:00","date_gmt":"2025-12-31T08:00:00","guid":{"rendered":"https:\/\/miel-le-goupil.fr\/?p=1972"},"modified":"2025-12-30T22:16:40","modified_gmt":"2025-12-30T21:16:40","slug":"que-font-les-abeilles-en-janvier","status":"publish","type":"post","link":"https:\/\/miel-le-goupil.fr\/index.php\/2025\/12\/31\/que-font-les-abeilles-en-janvier\/","title":{"rendered":"Que font les abeilles dans la ruche en janvier ?"},"content":{"rendered":"\n<hr class=\"wp-block-separator has-alpha-channel-opacity\"\/>\n\n\n\n<figure class=\"wp-block-image\"><img data-recalc-dims=\"1\" decoding=\"async\" src=\"https:\/\/i0.wp.com\/www.abeilles-environnement.com\/wp-content\/uploads\/2025\/01\/ruche-sous-la-neige.webp?w=1200&#038;ssl=1\" alt=\"Ruche en hiver\"\/><\/figure>\n\n\n\n<p>Quand l\u2019hiver s\u2019installe et que les temp\u00e9ratures chutent (en dessous de 10 degr\u00e9s), les abeilles disparaissent du paysage. Pourtant, la ruche est loin d\u2019\u00eatre inactive. En\u00a0<strong>janvier<\/strong>, les abeilles traversent l\u2019une des p\u00e9riodes les plus d\u00e9licates de l\u2019ann\u00e9e.<\/p>\n\n\n\n<p>Apiculteur \u00e0 Acq, dans le Pas-de-Calais, je vous explique ce que font r\u00e9ellement les abeilles au c\u0153ur de l\u2019hiver.<\/p>\n\n\n\n<hr class=\"wp-block-separator has-alpha-channel-opacity\"\/>\n\n\n\n<h2 class=\"wp-block-heading\" id=\"h-les-abeilles-ne-dorment-pas-en-hiver\">Les abeilles ne dorment pas en hiver<\/h2>\n\n\n\n<p>Contrairement \u00e0 une id\u00e9e re\u00e7ue, les abeilles&nbsp;<strong>n\u2019hibernent pas<\/strong>.<br>D\u00e8s que la temp\u00e9rature ext\u00e9rieure descend sous les 10 \u00b0C, elles restent \u00e0 l\u2019int\u00e9rieur de la ruche, mais elles restent bien vivantes et actives.<\/p>\n\n\n\n<p>Leur objectif principal en hiver est simple :&nbsp;<strong>survivre jusqu\u2019au printemps<\/strong>.<\/p>\n\n\n\n<hr class=\"wp-block-separator has-alpha-channel-opacity\"\/>\n\n\n\n<h2 class=\"wp-block-heading\" id=\"h-la-grappe-hivernale-une-organisation-vitale\">La grappe hivernale : une organisation vitale<\/h2>\n\n\n<div class=\"wp-block-image is-style-default\">\n<figure class=\"aligncenter is-resized\"><img data-recalc-dims=\"1\" decoding=\"async\" src=\"https:\/\/i0.wp.com\/www.2imanagement.ch\/writable\/cache\/2\/26\/_src267284fc6539bea7e2dfca074026ebeb_par27eda3bebe899a78ba5478a689190c29_dat1633759225.webp?w=1200&#038;ssl=1\" alt=\"Grappe d\u2019abeilles en hiver dans la ruche\" style=\"width:619px;height:auto\"\/><\/figure>\n<\/div>\n\n\n<p>En janvier, les abeilles se regroupent en ce que l\u2019on appelle une&nbsp;<strong>grappe hivernale<\/strong>.<\/p>\n\n\n\n<ul class=\"wp-block-list\">\n<li>Les abeilles se serrent les unes contre les autres<\/li>\n\n\n\n<li>Celles situ\u00e9es \u00e0 l\u2019ext\u00e9rieur de la grappe prot\u00e8gent celles du centre<\/li>\n\n\n\n<li>Elles alternent r\u00e9guli\u00e8rement leur position pour \u00e9viter l\u2019\u00e9puisement<\/li>\n<\/ul>\n\n\n\n<p><strong>Mais comment font elles de la chaleur ? <\/strong>Je rappelle que l&rsquo;abeille est insecte, \u00e0 corps froid.<\/p>\n\n\n\n<p id=\"h-le-mecanisme-est-simple\">\ud83d\udd25 Le m\u00e9canisme est simple : <\/p>\n\n\n\n<ul class=\"wp-block-list\">\n<li>Les abeilles contractent rapidement leurs\u00a0<strong>muscles de vol<\/strong><\/li>\n\n\n\n<li>Les ailes restent immobiles<\/li>\n\n\n\n<li>Cette activit\u00e9 musculaire transforme l\u2019\u00e9nergie en\u00a0<strong>chaleur<\/strong><\/li>\n\n\n\n<li>C\u2019est exactement le m\u00eame principe que :quand on grelotte pour se r\u00e9chauffer<\/li>\n<\/ul>\n\n\n\n<p>\u27a1\ufe0f On parle de&nbsp;<strong>thermogen\u00e8se musculaire<\/strong>.<\/p>\n\n\n\n<p>Gr\u00e2ce \u00e0 ce syst\u00e8me, la temp\u00e9rature au c\u0153ur de la grappe peut atteindre\u00a0<strong>20 \u00e0 30 \u00b0C<\/strong>, m\u00eame lorsque le froid est intense \u00e0 l\u2019ext\u00e9rieur. La reine est au milieu, prot\u00e9g\u00e9e par la grappe.<\/p>\n\n\n\n<hr class=\"wp-block-separator has-alpha-channel-opacity\"\/>\n\n\n\n<h2 class=\"wp-block-heading\" id=\"h-le-role-essentiel-des-reserves-de-miel\">Le r\u00f4le essentiel des r\u00e9serves de miel<\/h2>\n\n\n\n<p>En hiver, les abeilles ne sortent presque jamais.<br>Elles vivent exclusivement gr\u00e2ce aux\u00a0<strong>r\u00e9serves de miel<\/strong>\u00a0accumul\u00e9es durant la belle saison. La grappe se d\u00e9place doucement au fil des semaines sur les cadres pour pr\u00e9lever le miel.<\/p>\n\n\n\n<p>Le miel leur sert de carburant :<\/p>\n\n\n\n<ul class=\"wp-block-list\">\n<li>pour produire de la chaleur<\/li>\n\n\n\n<li>pour maintenir la grappe vivante<\/li>\n\n\n\n<li>pour nourrir la reine<\/li>\n<\/ul>\n\n\n\n<p>\ud83d\udc49 C\u2019est pour cela qu\u2019une bonne gestion des r\u00e9serves est essentielle en apiculture. Lors de la r\u00e9colte du miel d&rsquo;\u00e9t\u00e9, je ne r\u00e9colte que sur les ruches les plus fortes, et qui ont accumul\u00e9 beaucoup de r\u00e9serve. En effet, il est important que les ruches Warr\u00e9 ont au moins 10 kg de miel en r\u00e9serve pour passer l&rsquo;hivers. Une ruche sans r\u00e9serve, c&rsquo;est la mort assur\u00e9 durant l&rsquo;hivers.<\/p>\n\n\n\n<hr class=\"wp-block-separator has-alpha-channel-opacity\"\/>\n\n\n\n<h2 class=\"wp-block-heading\" id=\"h-et-la-reine-que-fait-elle-en-janvier\">Et la reine, que fait-elle en janvier ?<\/h2>\n\n\n<div class=\"wp-block-image\">\n<figure class=\"aligncenter\"><img data-recalc-dims=\"1\" decoding=\"async\" src=\"https:\/\/i0.wp.com\/www.compagnie-des-sens.fr\/img\/cmscover\/2440\/reine600.jpg?w=1200&#038;ssl=1\" alt=\"reine\"\/><\/figure>\n<\/div>\n\n\n<p>La reine est bien pr\u00e9sente au centre de la grappe.<br>En plein c\u0153ur de l\u2019hiver, sa ponte est&nbsp;<strong>fortement ralentie<\/strong>, voire totalement stopp\u00e9e selon les conditions climatiques.<\/p>\n\n\n\n<p>Elle est constamment entour\u00e9e et prot\u00e9g\u00e9e par les ouvri\u00e8res, car la survie de la colonie d\u00e9pend directement d\u2019elle. Si cette derni\u00e8re vient \u00e0 mourrir en cette p\u00e9riode, la ruche est condamn\u00e9e.<\/p>\n\n\n\n<p>Lorsque les jours commencent doucement \u00e0 rallonger \u00e0 partir de janvier,  la reine reprendra progressivement la ponte\u2026 annon\u00e7ant la fin de l\u2019hiver.<\/p>\n\n\n\n<hr class=\"wp-block-separator has-alpha-channel-opacity\"\/>\n\n\n\n<h2 class=\"wp-block-heading\" id=\"h-le-role-de-l-apiculteur-en-janvier\">Le r\u00f4le de l\u2019apiculteur en janvier<\/h2>\n\n\n\n<p>En janvier, l\u2019apiculteur n\u2019ouvre pas les ruches.<br>Toute intervention inutile pourrait refroidir la colonie et la mettre en danger.<\/p>\n\n\n\n<p>Le travail autour des ruches, c&rsquo;est l&rsquo;observation et la surveillance :<\/p>\n\n\n\n<ul class=\"wp-block-list\">\n<li>par <strong>observation ext\u00e9rieure,<\/strong> notamment le plancher : Y&rsquo;a-t-il de nombreuses abeilles mortes sur le plancher ? Peut-\u00eatre un signe de maladie.<\/li>\n\n\n\n<li>Par <strong>\u00e9coute <\/strong>de l&rsquo;activit\u00e9 de la ruche en collant l&rsquo;oreille sur les c\u00f4t\u00e9s. Si vous avez une cam\u00e9ra thermique, c&rsquo;est \u00e9galement efficace. Une ruche silencieuse peut \u00eatre un mauvais signe. <strong>En France, la mortalit\u00e9 des essaims d&rsquo;abeilles \u00e0 la sortie d&rsquo;hivers est autour de 20%<\/strong> <strong>en moyenne<\/strong>.<\/li>\n\n\n\n<li>par <strong>contr\u00f4le du poids <\/strong>des ruches via des demi-pes\u00e9s. Si le poids estim\u00e9 des r\u00e9serves de la ruche atteint les 2kg c&rsquo;est critique. Attention, pas de geste brusque pour ne pas casser la grappe.<\/li>\n\n\n\n<li>par la <strong>pr\u00e9paration de la saison<\/strong> \u00e0 venir : nettoyage, d\u00e9sinfection, commande de pots pour le miel, pollen&#8230;<\/li>\n<\/ul>\n\n\n\n<p>C\u2019est aussi une p\u00e9riode o\u00f9 l\u2019apiculteur travaille \u00e0 l\u2019atelier, notamment pour la&nbsp;<strong>fabrication de bougies en cire d\u2019abeille<\/strong>, \u00e0 partir de la cire r\u00e9colt\u00e9e sur les ruches.<\/p>\n\n\n\n<hr class=\"wp-block-separator has-alpha-channel-opacity\"\/>\n\n\n\n<h2 class=\"wp-block-heading\" id=\"h-un-equilibre-fragile-mais-parfaitement-maitrise\">Un \u00e9quilibre fragile, mais parfaitement ma\u00eetris\u00e9<\/h2>\n\n\n\n<p>L\u2019hiver est une p\u00e9riode critique pour les abeilles, mais aussi une d\u00e9monstration impressionnante de leur organisation et de leur capacit\u00e9 d\u2019adaptation.<\/p>\n\n\n\n<p>Lorsque le printemps arrivera, la ruche reprendra vie progressivement, marquant le d\u00e9but d\u2019un nouveau cycle apicole.<\/p>\n\n\n\n<hr class=\"wp-block-separator has-alpha-channel-opacity\"\/>\n\n\n\n<h2 class=\"wp-block-heading\" id=\"h-conclusion\">Conclusion<\/h2>\n\n\n\n<p>M\u00eame en plein mois de janvier, la ruche reste un lieu de vie intense, o\u00f9 chaque abeille joue un r\u00f4le essentiel.<br>Comprendre cette p\u00e9riode permet de mieux appr\u00e9cier le travail des abeilles\u2026 et celui de l\u2019apiculteur.<\/p>\n","protected":false},"excerpt":{"rendered":"<p>Quand l\u2019hiver s\u2019installe et que les temp\u00e9ratures chutent (en dessous de 10 degr\u00e9s), les abeilles disparaissent du paysage. Pourtant, la ruche est loin d\u2019\u00eatre inactive. En\u00a0janvier, les abeilles traversent l\u2019une des p\u00e9riodes les plus d\u00e9licates de l\u2019ann\u00e9e. Apiculteur \u00e0 Acq, dans le Pas-de-Calais, je vous explique ce que font r\u00e9ellement les abeilles au c\u0153ur de [&hellip;]<\/p>\n","protected":false},"author":1,"featured_media":996,"comment_status":"open","ping_status":"open","sticky":false,"template":"","format":"standard","meta":{"ocean_post_layout":"","ocean_both_sidebars_style":"","ocean_both_sidebars_content_width":0,"ocean_both_sidebars_sidebars_width":0,"ocean_sidebar":"","ocean_second_sidebar":"","ocean_disable_margins":"enable","ocean_add_body_class":"","ocean_shortcode_before_top_bar":"","ocean_shortcode_after_top_bar":"","ocean_shortcode_before_header":"","ocean_shortcode_after_header":"","ocean_has_shortcode":"","ocean_shortcode_after_title":"","ocean_shortcode_before_footer_widgets":"","ocean_shortcode_after_footer_widgets":"","ocean_shortcode_before_footer_bottom":"","ocean_shortcode_after_footer_bottom":"","ocean_display_top_bar":"default","ocean_display_header":"default","ocean_header_style":"","ocean_center_header_left_menu":"","ocean_custom_header_template":"","ocean_custom_logo":0,"ocean_custom_retina_logo":0,"ocean_custom_logo_max_width":0,"ocean_custom_logo_tablet_max_width":0,"ocean_custom_logo_mobile_max_width":0,"ocean_custom_logo_max_height":0,"ocean_custom_logo_tablet_max_height":0,"ocean_custom_logo_mobile_max_height":0,"ocean_header_custom_menu":"","ocean_menu_typo_font_family":"","ocean_menu_typo_font_subset":"","ocean_menu_typo_font_size":0,"ocean_menu_typo_font_size_tablet":0,"ocean_menu_typo_font_size_mobile":0,"ocean_menu_typo_font_size_unit":"px","ocean_menu_typo_font_weight":"","ocean_menu_typo_font_weight_tablet":"","ocean_menu_typo_font_weight_mobile":"","ocean_menu_typo_transform":"","ocean_menu_typo_transform_tablet":"","ocean_menu_typo_transform_mobile":"","ocean_menu_typo_line_height":0,"ocean_menu_typo_line_height_tablet":0,"ocean_menu_typo_line_height_mobile":0,"ocean_menu_typo_line_height_unit":"","ocean_menu_typo_spacing":0,"ocean_menu_typo_spacing_tablet":0,"ocean_menu_typo_spacing_mobile":0,"ocean_menu_typo_spacing_unit":"","ocean_menu_link_color":"","ocean_menu_link_color_hover":"","ocean_menu_link_color_active":"","ocean_menu_link_background":"","ocean_menu_link_hover_background":"","ocean_menu_link_active_background":"","ocean_menu_social_links_bg":"","ocean_menu_social_hover_links_bg":"","ocean_menu_social_links_color":"","ocean_menu_social_hover_links_color":"","ocean_disable_title":"default","ocean_disable_heading":"default","ocean_post_title":"","ocean_post_subheading":"","ocean_post_title_style":"","ocean_post_title_background_color":"","ocean_post_title_background":0,"ocean_post_title_bg_image_position":"","ocean_post_title_bg_image_attachment":"","ocean_post_title_bg_image_repeat":"","ocean_post_title_bg_image_size":"","ocean_post_title_height":0,"ocean_post_title_bg_overlay":0.5,"ocean_post_title_bg_overlay_color":"","ocean_disable_breadcrumbs":"default","ocean_breadcrumbs_color":"","ocean_breadcrumbs_separator_color":"","ocean_breadcrumbs_links_color":"","ocean_breadcrumbs_links_hover_color":"","ocean_display_footer_widgets":"default","ocean_display_footer_bottom":"default","ocean_custom_footer_template":"","jetpack_post_was_ever_published":false,"_jetpack_newsletter_access":"","_jetpack_dont_email_post_to_subs":false,"_jetpack_newsletter_tier_id":0,"_jetpack_memberships_contains_paywalled_content":false,"_jetpack_memberships_contains_paid_content":false,"ocean_post_oembed":"","ocean_post_self_hosted_media":"","ocean_post_video_embed":"","ocean_link_format":"","ocean_link_format_target":"self","ocean_quote_format":"","ocean_quote_format_link":"post","ocean_gallery_link_images":"on","ocean_gallery_id":[],"footnotes":"","jetpack_publicize_message":"En janvier, les abeilles ne dorment pas. D\u00e9couvrez ce que font les abeilles dans la ruche en hiver, le r\u00f4le de la reine et comment la colonie survit au froid.","jetpack_publicize_feature_enabled":true,"jetpack_social_post_already_shared":true,"jetpack_social_options":{"image_generator_settings":{"template":"highway","default_image_id":0,"font":"","enabled":false},"version":2}},"categories":[1],"tags":[],"class_list":["post-1972","post","type-post","status-publish","format-standard","has-post-thumbnail","hentry","category-blog","entry","has-media","owp-thumbs-layout-horizontal","owp-btn-normal","owp-tabs-layout-section","has-no-thumbnails","has-product-nav"],"yoast_head":"<!-- This site is optimized with the Yoast SEO Premium plugin v26.5 (Yoast SEO v27.5) - https:\/\/yoast.com\/product\/yoast-seo-premium-wordpress\/ -->\n<title>Que font les abeilles dans la ruche en janvier ? - Miel Le Goupil<\/title>\n<meta name=\"description\" content=\"En janvier, les abeilles ne dorment pas. D\u00e9couvrez ce que font les abeilles dans la ruche en hiver, le r\u00f4le de la reine et comment la colonie survit au froid.\" \/>\n<meta name=\"robots\" content=\"index, follow, max-snippet:-1, max-image-preview:large, max-video-preview:-1\" \/>\n<link rel=\"canonical\" href=\"https:\/\/miel-le-goupil.fr\/index.php\/2025\/12\/31\/que-font-les-abeilles-en-janvier\/\" \/>\n<meta property=\"og:locale\" content=\"fr_FR\" \/>\n<meta property=\"og:type\" content=\"article\" \/>\n<meta property=\"og:title\" content=\"Que font les abeilles dans la ruche en janvier ?\" \/>\n<meta property=\"og:description\" content=\"En janvier, les abeilles ne dorment pas. D\u00e9couvrez ce que font les abeilles dans la ruche en hiver, le r\u00f4le de la reine et comment la colonie survit au froid.\" \/>\n<meta property=\"og:url\" content=\"https:\/\/miel-le-goupil.fr\/index.php\/2025\/12\/31\/que-font-les-abeilles-en-janvier\/\" \/>\n<meta property=\"og:site_name\" content=\"Miel Le Goupil\" \/>\n<meta property=\"article:publisher\" content=\"https:\/\/www.facebook.com\/profile.php?id=100085690041392\" \/>\n<meta property=\"article:published_time\" content=\"2025-12-31T08:00:00+00:00\" \/>\n<meta property=\"og:image\" content=\"https:\/\/i0.wp.com\/miel-le-goupil.fr\/wp-content\/uploads\/2025\/03\/brown-and-black-bee-on-white-textile-scaled.jpg?fit=2560%2C1707&ssl=1\" \/>\n\t<meta property=\"og:image:width\" content=\"2560\" \/>\n\t<meta property=\"og:image:height\" content=\"1707\" \/>\n\t<meta property=\"og:image:type\" content=\"image\/jpeg\" \/>\n<meta name=\"author\" content=\"goupil.thomas\" \/>\n<meta name=\"twitter:card\" content=\"summary_large_image\" \/>\n<meta name=\"twitter:label1\" content=\"\u00c9crit par\" \/>\n\t<meta name=\"twitter:data1\" content=\"goupil.thomas\" \/>\n\t<meta name=\"twitter:label2\" content=\"Dur\u00e9e de lecture estim\u00e9e\" \/>\n\t<meta name=\"twitter:data2\" content=\"5 minutes\" \/>\n<script type=\"application\/ld+json\" class=\"yoast-schema-graph\">{\"@context\":\"https:\\\/\\\/schema.org\",\"@graph\":[{\"@type\":\"Article\",\"@id\":\"https:\\\/\\\/miel-le-goupil.fr\\\/index.php\\\/2025\\\/12\\\/31\\\/que-font-les-abeilles-en-janvier\\\/#article\",\"isPartOf\":{\"@id\":\"https:\\\/\\\/miel-le-goupil.fr\\\/index.php\\\/2025\\\/12\\\/31\\\/que-font-les-abeilles-en-janvier\\\/\"},\"author\":{\"name\":\"goupil.thomas\",\"@id\":\"https:\\\/\\\/miel-le-goupil.fr\\\/#\\\/schema\\\/person\\\/500f4db90954ee62425e30fd87f05b18\"},\"headline\":\"Que font les abeilles dans la ruche en janvier ?\",\"datePublished\":\"2025-12-31T08:00:00+00:00\",\"mainEntityOfPage\":{\"@id\":\"https:\\\/\\\/miel-le-goupil.fr\\\/index.php\\\/2025\\\/12\\\/31\\\/que-font-les-abeilles-en-janvier\\\/\"},\"wordCount\":838,\"commentCount\":1,\"publisher\":{\"@id\":\"https:\\\/\\\/miel-le-goupil.fr\\\/#organization\"},\"image\":{\"@id\":\"https:\\\/\\\/miel-le-goupil.fr\\\/index.php\\\/2025\\\/12\\\/31\\\/que-font-les-abeilles-en-janvier\\\/#primaryimage\"},\"thumbnailUrl\":\"https:\\\/\\\/i0.wp.com\\\/miel-le-goupil.fr\\\/wp-content\\\/uploads\\\/2025\\\/03\\\/brown-and-black-bee-on-white-textile-scaled.jpg?fit=2560%2C1707&ssl=1\",\"articleSection\":[\"Blog\"],\"inLanguage\":\"fr-FR\",\"potentialAction\":[{\"@type\":\"CommentAction\",\"name\":\"Comment\",\"target\":[\"https:\\\/\\\/miel-le-goupil.fr\\\/index.php\\\/2025\\\/12\\\/31\\\/que-font-les-abeilles-en-janvier\\\/#respond\"]}],\"copyrightYear\":\"2025\",\"copyrightHolder\":{\"@id\":\"https:\\\/\\\/miel-le-goupil.fr\\\/#organization\"}},{\"@type\":\"WebPage\",\"@id\":\"https:\\\/\\\/miel-le-goupil.fr\\\/index.php\\\/2025\\\/12\\\/31\\\/que-font-les-abeilles-en-janvier\\\/\",\"url\":\"https:\\\/\\\/miel-le-goupil.fr\\\/index.php\\\/2025\\\/12\\\/31\\\/que-font-les-abeilles-en-janvier\\\/\",\"name\":\"Que font les abeilles dans la ruche en janvier ? - Miel Le Goupil\",\"isPartOf\":{\"@id\":\"https:\\\/\\\/miel-le-goupil.fr\\\/#website\"},\"primaryImageOfPage\":{\"@id\":\"https:\\\/\\\/miel-le-goupil.fr\\\/index.php\\\/2025\\\/12\\\/31\\\/que-font-les-abeilles-en-janvier\\\/#primaryimage\"},\"image\":{\"@id\":\"https:\\\/\\\/miel-le-goupil.fr\\\/index.php\\\/2025\\\/12\\\/31\\\/que-font-les-abeilles-en-janvier\\\/#primaryimage\"},\"thumbnailUrl\":\"https:\\\/\\\/i0.wp.com\\\/miel-le-goupil.fr\\\/wp-content\\\/uploads\\\/2025\\\/03\\\/brown-and-black-bee-on-white-textile-scaled.jpg?fit=2560%2C1707&ssl=1\",\"datePublished\":\"2025-12-31T08:00:00+00:00\",\"description\":\"En janvier, les abeilles ne dorment pas. D\u00e9couvrez ce que font les abeilles dans la ruche en hiver, le r\u00f4le de la reine et comment la colonie survit au froid.\",\"breadcrumb\":{\"@id\":\"https:\\\/\\\/miel-le-goupil.fr\\\/index.php\\\/2025\\\/12\\\/31\\\/que-font-les-abeilles-en-janvier\\\/#breadcrumb\"},\"inLanguage\":\"fr-FR\",\"potentialAction\":[{\"@type\":\"ReadAction\",\"target\":[\"https:\\\/\\\/miel-le-goupil.fr\\\/index.php\\\/2025\\\/12\\\/31\\\/que-font-les-abeilles-en-janvier\\\/\"]}]},{\"@type\":\"ImageObject\",\"inLanguage\":\"fr-FR\",\"@id\":\"https:\\\/\\\/miel-le-goupil.fr\\\/index.php\\\/2025\\\/12\\\/31\\\/que-font-les-abeilles-en-janvier\\\/#primaryimage\",\"url\":\"https:\\\/\\\/i0.wp.com\\\/miel-le-goupil.fr\\\/wp-content\\\/uploads\\\/2025\\\/03\\\/brown-and-black-bee-on-white-textile-scaled.jpg?fit=2560%2C1707&ssl=1\",\"contentUrl\":\"https:\\\/\\\/i0.wp.com\\\/miel-le-goupil.fr\\\/wp-content\\\/uploads\\\/2025\\\/03\\\/brown-and-black-bee-on-white-textile-scaled.jpg?fit=2560%2C1707&ssl=1\",\"width\":2560,\"height\":1707,\"caption\":\"Photo by Bee Safe on Unsplash\"},{\"@type\":\"BreadcrumbList\",\"@id\":\"https:\\\/\\\/miel-le-goupil.fr\\\/index.php\\\/2025\\\/12\\\/31\\\/que-font-les-abeilles-en-janvier\\\/#breadcrumb\",\"itemListElement\":[{\"@type\":\"ListItem\",\"position\":1,\"name\":\"Accueil\",\"item\":\"https:\\\/\\\/miel-le-goupil.fr\\\/\"},{\"@type\":\"ListItem\",\"position\":2,\"name\":\"Que font les abeilles dans la ruche en janvier ?\"}]},{\"@type\":\"WebSite\",\"@id\":\"https:\\\/\\\/miel-le-goupil.fr\\\/#website\",\"url\":\"https:\\\/\\\/miel-le-goupil.fr\\\/\",\"name\":\"Miel-Le-Goupil\",\"description\":\"Vente de miels le Goupil - producteur r\u00e9coltant\",\"publisher\":{\"@id\":\"https:\\\/\\\/miel-le-goupil.fr\\\/#organization\"},\"alternateName\":\"Miel Le Goupil\",\"potentialAction\":[{\"@type\":\"SearchAction\",\"target\":{\"@type\":\"EntryPoint\",\"urlTemplate\":\"https:\\\/\\\/miel-le-goupil.fr\\\/?s={search_term_string}\"},\"query-input\":{\"@type\":\"PropertyValueSpecification\",\"valueRequired\":true,\"valueName\":\"search_term_string\"}}],\"inLanguage\":\"fr-FR\"},{\"@type\":[\"Organization\",\"Place\"],\"@id\":\"https:\\\/\\\/miel-le-goupil.fr\\\/#organization\",\"name\":\"Miel Le Goupil\",\"alternateName\":\"Monsieur\",\"url\":\"https:\\\/\\\/miel-le-goupil.fr\\\/\",\"logo\":{\"@id\":\"https:\\\/\\\/miel-le-goupil.fr\\\/index.php\\\/2025\\\/12\\\/31\\\/que-font-les-abeilles-en-janvier\\\/#local-main-organization-logo\"},\"image\":{\"@id\":\"https:\\\/\\\/miel-le-goupil.fr\\\/index.php\\\/2025\\\/12\\\/31\\\/que-font-les-abeilles-en-janvier\\\/#local-main-organization-logo\"},\"sameAs\":[\"https:\\\/\\\/www.facebook.com\\\/profile.php?id=100085690041392\"],\"description\":\"Apiculteur produisant et r\u00e9coltant du miel, mais \u00e9galement du pollen. Le site Miel-Le-Goupil est une boutique en ligne proposant des produits en lien avec l'apiculture.\",\"legalName\":\"miel le goupil\",\"foundingDate\":\"2024-01-01\",\"publishingPrinciples\":\"https:\\\/\\\/miel-le-goupil.fr\\\/index.php\\\/politique-de-confidentialite\\\/\",\"actionableFeedbackPolicy\":\"https:\\\/\\\/miel-le-goupil.fr\\\/index.php\\\/refund_returns\\\/\",\"hasMerchantReturnPolicy\":{\"@type\":\"MerchantReturnPolicy\",\"merchantReturnLink\":\"https:\\\/\\\/miel-le-goupil.fr\\\/index.php\\\/refund_returns\\\/\"},\"address\":{\"@id\":\"https:\\\/\\\/miel-le-goupil.fr\\\/index.php\\\/2025\\\/12\\\/31\\\/que-font-les-abeilles-en-janvier\\\/#local-main-place-address\"},\"geo\":{\"@type\":\"GeoCoordinates\",\"latitude\":\"50.35013876685057\",\"longitude\":\"2.66141816347962\"},\"telephone\":[],\"contactPoint\":{\"@type\":\"ContactPoint\",\"telephone\":\"0631607332\",\"email\":\"contact@miel-le-goupil.fr\"},\"openingHoursSpecification\":[{\"@type\":\"OpeningHoursSpecification\",\"dayOfWeek\":[\"Monday\",\"Friday\"],\"opens\":\"08:30\",\"closes\":\"19:30\"},{\"@type\":\"OpeningHoursSpecification\",\"dayOfWeek\":[\"Tuesday\",\"Wednesday\",\"Thursday\",\"Sunday\"],\"opens\":\"00:00\",\"closes\":\"00:00\"},{\"@type\":\"OpeningHoursSpecification\",\"dayOfWeek\":[\"Saturday\"],\"opens\":\"10:00\",\"closes\":\"19:30\"}],\"taxID\":\"91966321100028\"},{\"@type\":\"Person\",\"@id\":\"https:\\\/\\\/miel-le-goupil.fr\\\/#\\\/schema\\\/person\\\/500f4db90954ee62425e30fd87f05b18\",\"name\":\"goupil.thomas\",\"image\":{\"@type\":\"ImageObject\",\"inLanguage\":\"fr-FR\",\"@id\":\"https:\\\/\\\/secure.gravatar.com\\\/avatar\\\/b4df64d7920bda368c2d3dc74bc620b7810842274d815e32c2edf9401b19b8f0?s=96&d=mm&r=g\",\"url\":\"https:\\\/\\\/secure.gravatar.com\\\/avatar\\\/b4df64d7920bda368c2d3dc74bc620b7810842274d815e32c2edf9401b19b8f0?s=96&d=mm&r=g\",\"contentUrl\":\"https:\\\/\\\/secure.gravatar.com\\\/avatar\\\/b4df64d7920bda368c2d3dc74bc620b7810842274d815e32c2edf9401b19b8f0?s=96&d=mm&r=g\",\"caption\":\"goupil.thomas\"},\"sameAs\":[\"https:\\\/\\\/miel-le-goupil.fr\"],\"url\":\"https:\\\/\\\/miel-le-goupil.fr\\\/index.php\\\/author\\\/goupil-thomas\\\/\"},{\"@type\":\"PostalAddress\",\"@id\":\"https:\\\/\\\/miel-le-goupil.fr\\\/index.php\\\/2025\\\/12\\\/31\\\/que-font-les-abeilles-en-janvier\\\/#local-main-place-address\",\"streetAddress\":\"16 chemin salbert\",\"addressLocality\":\"Acq\",\"postalCode\":\"62144\",\"addressCountry\":\"FR\"},{\"@type\":\"ImageObject\",\"inLanguage\":\"fr-FR\",\"@id\":\"https:\\\/\\\/miel-le-goupil.fr\\\/index.php\\\/2025\\\/12\\\/31\\\/que-font-les-abeilles-en-janvier\\\/#local-main-organization-logo\",\"url\":\"https:\\\/\\\/i0.wp.com\\\/miel-le-goupil.fr\\\/wp-content\\\/uploads\\\/2024\\\/01\\\/cropped-logo.png?fit=512%2C512&ssl=1\",\"contentUrl\":\"https:\\\/\\\/i0.wp.com\\\/miel-le-goupil.fr\\\/wp-content\\\/uploads\\\/2024\\\/01\\\/cropped-logo.png?fit=512%2C512&ssl=1\",\"width\":512,\"height\":512,\"caption\":\"Miel Le Goupil\"}]}<\/script>\n<meta name=\"geo.placename\" content=\"Acq\" \/>\n<meta name=\"geo.position\" content=\"50.35013876685057;2.66141816347962\" \/>\n<meta name=\"geo.region\" content=\"France\" \/>\n<!-- \/ Yoast SEO Premium plugin. -->","yoast_head_json":{"title":"Que font les abeilles dans la ruche en janvier ? - Miel Le Goupil","description":"En janvier, les abeilles ne dorment pas. D\u00e9couvrez ce que font les abeilles dans la ruche en hiver, le r\u00f4le de la reine et comment la colonie survit au froid.","robots":{"index":"index","follow":"follow","max-snippet":"max-snippet:-1","max-image-preview":"max-image-preview:large","max-video-preview":"max-video-preview:-1"},"canonical":"https:\/\/miel-le-goupil.fr\/index.php\/2025\/12\/31\/que-font-les-abeilles-en-janvier\/","og_locale":"fr_FR","og_type":"article","og_title":"Que font les abeilles dans la ruche en janvier ?","og_description":"En janvier, les abeilles ne dorment pas. D\u00e9couvrez ce que font les abeilles dans la ruche en hiver, le r\u00f4le de la reine et comment la colonie survit au froid.","og_url":"https:\/\/miel-le-goupil.fr\/index.php\/2025\/12\/31\/que-font-les-abeilles-en-janvier\/","og_site_name":"Miel Le Goupil","article_publisher":"https:\/\/www.facebook.com\/profile.php?id=100085690041392","article_published_time":"2025-12-31T08:00:00+00:00","og_image":[{"width":2560,"height":1707,"url":"https:\/\/i0.wp.com\/miel-le-goupil.fr\/wp-content\/uploads\/2025\/03\/brown-and-black-bee-on-white-textile-scaled.jpg?fit=2560%2C1707&ssl=1","type":"image\/jpeg"}],"author":"goupil.thomas","twitter_card":"summary_large_image","twitter_misc":{"\u00c9crit par":"goupil.thomas","Dur\u00e9e de lecture estim\u00e9e":"5 minutes"},"schema":{"@context":"https:\/\/schema.org","@graph":[{"@type":"Article","@id":"https:\/\/miel-le-goupil.fr\/index.php\/2025\/12\/31\/que-font-les-abeilles-en-janvier\/#article","isPartOf":{"@id":"https:\/\/miel-le-goupil.fr\/index.php\/2025\/12\/31\/que-font-les-abeilles-en-janvier\/"},"author":{"name":"goupil.thomas","@id":"https:\/\/miel-le-goupil.fr\/#\/schema\/person\/500f4db90954ee62425e30fd87f05b18"},"headline":"Que font les abeilles dans la ruche en janvier ?","datePublished":"2025-12-31T08:00:00+00:00","mainEntityOfPage":{"@id":"https:\/\/miel-le-goupil.fr\/index.php\/2025\/12\/31\/que-font-les-abeilles-en-janvier\/"},"wordCount":838,"commentCount":1,"publisher":{"@id":"https:\/\/miel-le-goupil.fr\/#organization"},"image":{"@id":"https:\/\/miel-le-goupil.fr\/index.php\/2025\/12\/31\/que-font-les-abeilles-en-janvier\/#primaryimage"},"thumbnailUrl":"https:\/\/i0.wp.com\/miel-le-goupil.fr\/wp-content\/uploads\/2025\/03\/brown-and-black-bee-on-white-textile-scaled.jpg?fit=2560%2C1707&ssl=1","articleSection":["Blog"],"inLanguage":"fr-FR","potentialAction":[{"@type":"CommentAction","name":"Comment","target":["https:\/\/miel-le-goupil.fr\/index.php\/2025\/12\/31\/que-font-les-abeilles-en-janvier\/#respond"]}],"copyrightYear":"2025","copyrightHolder":{"@id":"https:\/\/miel-le-goupil.fr\/#organization"}},{"@type":"WebPage","@id":"https:\/\/miel-le-goupil.fr\/index.php\/2025\/12\/31\/que-font-les-abeilles-en-janvier\/","url":"https:\/\/miel-le-goupil.fr\/index.php\/2025\/12\/31\/que-font-les-abeilles-en-janvier\/","name":"Que font les abeilles dans la ruche en janvier ? - Miel Le Goupil","isPartOf":{"@id":"https:\/\/miel-le-goupil.fr\/#website"},"primaryImageOfPage":{"@id":"https:\/\/miel-le-goupil.fr\/index.php\/2025\/12\/31\/que-font-les-abeilles-en-janvier\/#primaryimage"},"image":{"@id":"https:\/\/miel-le-goupil.fr\/index.php\/2025\/12\/31\/que-font-les-abeilles-en-janvier\/#primaryimage"},"thumbnailUrl":"https:\/\/i0.wp.com\/miel-le-goupil.fr\/wp-content\/uploads\/2025\/03\/brown-and-black-bee-on-white-textile-scaled.jpg?fit=2560%2C1707&ssl=1","datePublished":"2025-12-31T08:00:00+00:00","description":"En janvier, les abeilles ne dorment pas. D\u00e9couvrez ce que font les abeilles dans la ruche en hiver, le r\u00f4le de la reine et comment la colonie survit au froid.","breadcrumb":{"@id":"https:\/\/miel-le-goupil.fr\/index.php\/2025\/12\/31\/que-font-les-abeilles-en-janvier\/#breadcrumb"},"inLanguage":"fr-FR","potentialAction":[{"@type":"ReadAction","target":["https:\/\/miel-le-goupil.fr\/index.php\/2025\/12\/31\/que-font-les-abeilles-en-janvier\/"]}]},{"@type":"ImageObject","inLanguage":"fr-FR","@id":"https:\/\/miel-le-goupil.fr\/index.php\/2025\/12\/31\/que-font-les-abeilles-en-janvier\/#primaryimage","url":"https:\/\/i0.wp.com\/miel-le-goupil.fr\/wp-content\/uploads\/2025\/03\/brown-and-black-bee-on-white-textile-scaled.jpg?fit=2560%2C1707&ssl=1","contentUrl":"https:\/\/i0.wp.com\/miel-le-goupil.fr\/wp-content\/uploads\/2025\/03\/brown-and-black-bee-on-white-textile-scaled.jpg?fit=2560%2C1707&ssl=1","width":2560,"height":1707,"caption":"Photo by Bee Safe on Unsplash"},{"@type":"BreadcrumbList","@id":"https:\/\/miel-le-goupil.fr\/index.php\/2025\/12\/31\/que-font-les-abeilles-en-janvier\/#breadcrumb","itemListElement":[{"@type":"ListItem","position":1,"name":"Accueil","item":"https:\/\/miel-le-goupil.fr\/"},{"@type":"ListItem","position":2,"name":"Que font les abeilles dans la ruche en janvier ?"}]},{"@type":"WebSite","@id":"https:\/\/miel-le-goupil.fr\/#website","url":"https:\/\/miel-le-goupil.fr\/","name":"Miel-Le-Goupil","description":"Vente de miels le Goupil - producteur r\u00e9coltant","publisher":{"@id":"https:\/\/miel-le-goupil.fr\/#organization"},"alternateName":"Miel Le Goupil","potentialAction":[{"@type":"SearchAction","target":{"@type":"EntryPoint","urlTemplate":"https:\/\/miel-le-goupil.fr\/?s={search_term_string}"},"query-input":{"@type":"PropertyValueSpecification","valueRequired":true,"valueName":"search_term_string"}}],"inLanguage":"fr-FR"},{"@type":["Organization","Place"],"@id":"https:\/\/miel-le-goupil.fr\/#organization","name":"Miel Le Goupil","alternateName":"Monsieur","url":"https:\/\/miel-le-goupil.fr\/","logo":{"@id":"https:\/\/miel-le-goupil.fr\/index.php\/2025\/12\/31\/que-font-les-abeilles-en-janvier\/#local-main-organization-logo"},"image":{"@id":"https:\/\/miel-le-goupil.fr\/index.php\/2025\/12\/31\/que-font-les-abeilles-en-janvier\/#local-main-organization-logo"},"sameAs":["https:\/\/www.facebook.com\/profile.php?id=100085690041392"],"description":"Apiculteur produisant et r\u00e9coltant du miel, mais \u00e9galement du pollen. Le site Miel-Le-Goupil est une boutique en ligne proposant des produits en lien avec l'apiculture.","legalName":"miel le goupil","foundingDate":"2024-01-01","publishingPrinciples":"https:\/\/miel-le-goupil.fr\/index.php\/politique-de-confidentialite\/","actionableFeedbackPolicy":"https:\/\/miel-le-goupil.fr\/index.php\/refund_returns\/","hasMerchantReturnPolicy":{"@type":"MerchantReturnPolicy","merchantReturnLink":"https:\/\/miel-le-goupil.fr\/index.php\/refund_returns\/"},"address":{"@id":"https:\/\/miel-le-goupil.fr\/index.php\/2025\/12\/31\/que-font-les-abeilles-en-janvier\/#local-main-place-address"},"geo":{"@type":"GeoCoordinates","latitude":"50.35013876685057","longitude":"2.66141816347962"},"telephone":[],"contactPoint":{"@type":"ContactPoint","telephone":"0631607332","email":"contact@miel-le-goupil.fr"},"openingHoursSpecification":[{"@type":"OpeningHoursSpecification","dayOfWeek":["Monday","Friday"],"opens":"08:30","closes":"19:30"},{"@type":"OpeningHoursSpecification","dayOfWeek":["Tuesday","Wednesday","Thursday","Sunday"],"opens":"00:00","closes":"00:00"},{"@type":"OpeningHoursSpecification","dayOfWeek":["Saturday"],"opens":"10:00","closes":"19:30"}],"taxID":"91966321100028"},{"@type":"Person","@id":"https:\/\/miel-le-goupil.fr\/#\/schema\/person\/500f4db90954ee62425e30fd87f05b18","name":"goupil.thomas","image":{"@type":"ImageObject","inLanguage":"fr-FR","@id":"https:\/\/secure.gravatar.com\/avatar\/b4df64d7920bda368c2d3dc74bc620b7810842274d815e32c2edf9401b19b8f0?s=96&d=mm&r=g","url":"https:\/\/secure.gravatar.com\/avatar\/b4df64d7920bda368c2d3dc74bc620b7810842274d815e32c2edf9401b19b8f0?s=96&d=mm&r=g","contentUrl":"https:\/\/secure.gravatar.com\/avatar\/b4df64d7920bda368c2d3dc74bc620b7810842274d815e32c2edf9401b19b8f0?s=96&d=mm&r=g","caption":"goupil.thomas"},"sameAs":["https:\/\/miel-le-goupil.fr"],"url":"https:\/\/miel-le-goupil.fr\/index.php\/author\/goupil-thomas\/"},{"@type":"PostalAddress","@id":"https:\/\/miel-le-goupil.fr\/index.php\/2025\/12\/31\/que-font-les-abeilles-en-janvier\/#local-main-place-address","streetAddress":"16 chemin salbert","addressLocality":"Acq","postalCode":"62144","addressCountry":"FR"},{"@type":"ImageObject","inLanguage":"fr-FR","@id":"https:\/\/miel-le-goupil.fr\/index.php\/2025\/12\/31\/que-font-les-abeilles-en-janvier\/#local-main-organization-logo","url":"https:\/\/i0.wp.com\/miel-le-goupil.fr\/wp-content\/uploads\/2024\/01\/cropped-logo.png?fit=512%2C512&ssl=1","contentUrl":"https:\/\/i0.wp.com\/miel-le-goupil.fr\/wp-content\/uploads\/2024\/01\/cropped-logo.png?fit=512%2C512&ssl=1","width":512,"height":512,"caption":"Miel Le Goupil"}]},"geo.placename":"Acq","geo.position":{"lat":"50.35013876685057","long":"2.66141816347962"},"geo.region":"France"},"jetpack_publicize_connections":[],"jetpack_featured_media_url":"https:\/\/i0.wp.com\/miel-le-goupil.fr\/wp-content\/uploads\/2025\/03\/brown-and-black-bee-on-white-textile-scaled.jpg?fit=2560%2C1707&ssl=1","jetpack_sharing_enabled":true,"jetpack_likes_enabled":true,"jetpack-related-posts":[{"id":2008,"url":"https:\/\/miel-le-goupil.fr\/index.php\/2026\/01\/18\/comment-abeilles-survivent-au-froid\/","url_meta":{"origin":1972,"position":0},"title":"Comment les abeilles survivent-elles au froid ?","author":"goupil.thomas","date":"18 janvier 2026","format":false,"excerpt":"Lorsque l\u2019hiver arrive et que les temp\u00e9ratures descendent sous z\u00e9ro, beaucoup de personnes se demandent comment les abeilles peuvent survivre.Sans hiberner, sans quitter la ruche,\u00a0les abeilles affrontent le froid gr\u00e2ce \u00e0 une organisation collective remarquable. Apiculteur r\u00e9coltant, voici comment les abeilles traversent l\u2019hiver. Les abeilles n\u2019hibernent pas Contrairement \u00e0 certaines\u2026","rel":"","context":"Dans &quot;Blog&quot;","block_context":{"text":"Blog","link":"https:\/\/miel-le-goupil.fr\/index.php\/category\/blog\/"},"img":{"alt_text":"","src":"https:\/\/i0.wp.com\/miel-le-goupil.fr\/wp-content\/uploads\/2026\/01\/image-1.png?resize=350%2C200&ssl=1","width":350,"height":200,"srcset":"https:\/\/i0.wp.com\/miel-le-goupil.fr\/wp-content\/uploads\/2026\/01\/image-1.png?resize=350%2C200&ssl=1 1x, https:\/\/i0.wp.com\/miel-le-goupil.fr\/wp-content\/uploads\/2026\/01\/image-1.png?resize=525%2C300&ssl=1 1.5x"},"classes":[]},{"id":421,"url":"https:\/\/miel-le-goupil.fr\/index.php\/2024\/02\/21\/les-abeilles-de-la-ruche-se-reveillent-doucement\/","url_meta":{"origin":1972,"position":1},"title":"Les abeilles de la ruche se r\u00e9veillent doucement","author":"goupil.thomas","date":"21 f\u00e9vrier 2024","format":false,"excerpt":"L'hiver est une p\u00e9riode de repos pour les abeilles. Elles se regroupent dans la ruche, En forment une grappe et maintiennent une temp\u00e9rature constante pour survivre au froid. En effet au milieu de la grappe la temp\u00e9rature autour de la reine est autour de 30 degr\u00e9s, mais en surface celle-ci\u2026","rel":"","context":"Dans &quot;Blog&quot;","block_context":{"text":"Blog","link":"https:\/\/miel-le-goupil.fr\/index.php\/category\/blog\/"},"img":{"alt_text":"brown and black bee on yellow flower nectar","src":"https:\/\/i0.wp.com\/miel-le-goupil.fr\/wp-content\/uploads\/2024\/02\/pexels-photo-460961.jpeg?fit=1200%2C900&ssl=1&resize=350%2C200","width":350,"height":200,"srcset":"https:\/\/i0.wp.com\/miel-le-goupil.fr\/wp-content\/uploads\/2024\/02\/pexels-photo-460961.jpeg?fit=1200%2C900&ssl=1&resize=350%2C200 1x, https:\/\/i0.wp.com\/miel-le-goupil.fr\/wp-content\/uploads\/2024\/02\/pexels-photo-460961.jpeg?fit=1200%2C900&ssl=1&resize=525%2C300 1.5x, https:\/\/i0.wp.com\/miel-le-goupil.fr\/wp-content\/uploads\/2024\/02\/pexels-photo-460961.jpeg?fit=1200%2C900&ssl=1&resize=700%2C400 2x, https:\/\/i0.wp.com\/miel-le-goupil.fr\/wp-content\/uploads\/2024\/02\/pexels-photo-460961.jpeg?fit=1200%2C900&ssl=1&resize=1050%2C600 3x"},"classes":[]},{"id":2029,"url":"https:\/\/miel-le-goupil.fr\/index.php\/2026\/03\/17\/cycle-de-vie-abeille\/","url_meta":{"origin":1972,"position":2},"title":"Le cycle de vie complet de l\u2019abeille","author":"goupil.thomas","date":"17 mars 2026","format":false,"excerpt":"Le cycle de vie de l\u2019abeille est un processus fascinant, parfaitement organis\u00e9, qui permet \u00e0 la colonie de se renouveler en permanence.Comprendre ce cycle, c\u2019est mieux comprendre\u00a0le fonctionnement de la ruche, le r\u00f4le de chaque abeille et l\u2019importance du travail de la reine. Apiculteur r\u00e9coltant, voici une explication simple et\u2026","rel":"","context":"Dans &quot;Blog&quot;","block_context":{"text":"Blog","link":"https:\/\/miel-le-goupil.fr\/index.php\/category\/blog\/"},"img":{"alt_text":"","src":"https:\/\/i0.wp.com\/miel-le-goupil.fr\/wp-content\/uploads\/2026\/01\/image-6.png?resize=350%2C200&ssl=1","width":350,"height":200,"srcset":"https:\/\/i0.wp.com\/miel-le-goupil.fr\/wp-content\/uploads\/2026\/01\/image-6.png?resize=350%2C200&ssl=1 1x, https:\/\/i0.wp.com\/miel-le-goupil.fr\/wp-content\/uploads\/2026\/01\/image-6.png?resize=525%2C300&ssl=1 1.5x, https:\/\/i0.wp.com\/miel-le-goupil.fr\/wp-content\/uploads\/2026\/01\/image-6.png?resize=700%2C400&ssl=1 2x"},"classes":[]},{"id":2014,"url":"https:\/\/miel-le-goupil.fr\/index.php\/2026\/03\/01\/difference-reine-ouvriere-faux-bourdon\/","url_meta":{"origin":1972,"position":3},"title":"Diff\u00e9rence entre la reine, l\u2019ouvri\u00e8re et le faux-bourdon","author":"goupil.thomas","date":"1 mars 2026","format":false,"excerpt":"Quelle est la diff\u00e9rence entre la reine, l\u2019ouvri\u00e8re et le faux-bourdon ? R\u00f4les, dur\u00e9e de vie et fonctionnement expliqu\u00e9s par un apiculteur.","rel":"","context":"Dans &quot;Blog&quot;","block_context":{"text":"Blog","link":"https:\/\/miel-le-goupil.fr\/index.php\/category\/blog\/"},"img":{"alt_text":"","src":"https:\/\/i0.wp.com\/miel-le-goupil.fr\/wp-content\/uploads\/2026\/01\/image-3.png?resize=350%2C200&ssl=1","width":350,"height":200,"srcset":"https:\/\/i0.wp.com\/miel-le-goupil.fr\/wp-content\/uploads\/2026\/01\/image-3.png?resize=350%2C200&ssl=1 1x, https:\/\/i0.wp.com\/miel-le-goupil.fr\/wp-content\/uploads\/2026\/01\/image-3.png?resize=525%2C300&ssl=1 1.5x, https:\/\/i0.wp.com\/miel-le-goupil.fr\/wp-content\/uploads\/2026\/01\/image-3.png?resize=700%2C400&ssl=1 2x"},"classes":[]},{"id":64,"url":"https:\/\/miel-le-goupil.fr\/index.php\/2024\/01\/09\/la-ruche-warre-une-apiculture-douce\/","url_meta":{"origin":1972,"position":4},"title":"La ruche Warr\u00e9, une apiculture douce","author":"goupil.thomas","date":"9 janvier 2024","format":false,"excerpt":"La ruche Warr\u00e9 a \u00e9t\u00e9 d\u00e9velopp\u00e9e au cours du 20\u00b0 si\u00e8cle par l'abb\u00e9 \u00c9mile Warr\u00e9. Celui-ci voulait une ruche simple, populaire, et qui convienne aux abeilles. D'ailleurs, il \u00e9tait courant \u00e0 l'\u00e9poque d'en avoir une dans son jardin. Puis, au fil des d\u00e9cennies, l'apiculture ne concernait plus que les professionnels.\u2026","rel":"","context":"Dans &quot;Blog&quot;","block_context":{"text":"Blog","link":"https:\/\/miel-le-goupil.fr\/index.php\/category\/blog\/"},"img":{"alt_text":"ruche","src":"https:\/\/i0.wp.com\/xn--artoisgupesfrelons-1wb.fr\/wp-content\/uploads\/2022\/09\/IMG_3738-768x1024.jpg?resize=350%2C200&ssl=1","width":350,"height":200,"srcset":"https:\/\/i0.wp.com\/xn--artoisgupesfrelons-1wb.fr\/wp-content\/uploads\/2022\/09\/IMG_3738-768x1024.jpg?resize=350%2C200&ssl=1 1x, https:\/\/i0.wp.com\/xn--artoisgupesfrelons-1wb.fr\/wp-content\/uploads\/2022\/09\/IMG_3738-768x1024.jpg?resize=525%2C300&ssl=1 1.5x, https:\/\/i0.wp.com\/xn--artoisgupesfrelons-1wb.fr\/wp-content\/uploads\/2022\/09\/IMG_3738-768x1024.jpg?resize=700%2C400&ssl=1 2x"},"classes":[]},{"id":404,"url":"https:\/\/miel-le-goupil.fr\/index.php\/2024\/02\/12\/les-essaims-dabeilles\/","url_meta":{"origin":1972,"position":5},"title":"Les essaims d&rsquo;abeilles","author":"goupil.thomas","date":"12 f\u00e9vrier 2024","format":false,"excerpt":"Le printemps arrive, les ruches sont actives, et les reines ont repris leurs pontes depuis quelques semaines.\u00a0Nous pouvons constater avec le redoux la rentr\u00e9e de grains de pollen qui va permettre de nourrir les larves.\u00a0Jusqu'\u00e0 l'\u00e9t\u00e9, la reine va augmenter le nombre d'\u0153ufs pondu par jour jusqu'\u00e0 2000.\u00a0Et il peut\u2026","rel":"","context":"Dans &quot;Apiculture&quot;","block_context":{"text":"Apiculture","link":"https:\/\/miel-le-goupil.fr\/index.php\/category\/apiculture\/"},"img":{"alt_text":"L\u2019attribut alt de cette image est vide, son nom de fichier est essaimage-771x1024.jpg.","src":"https:\/\/i0.wp.com\/xn--artoisgupesfrelons-1wb.fr\/wp-content\/uploads\/2023\/03\/essaimage-771x1024.jpg?resize=350%2C200&ssl=1","width":350,"height":200,"srcset":"https:\/\/i0.wp.com\/xn--artoisgupesfrelons-1wb.fr\/wp-content\/uploads\/2023\/03\/essaimage-771x1024.jpg?resize=350%2C200&ssl=1 1x, https:\/\/i0.wp.com\/xn--artoisgupesfrelons-1wb.fr\/wp-content\/uploads\/2023\/03\/essaimage-771x1024.jpg?resize=525%2C300&ssl=1 1.5x, https:\/\/i0.wp.com\/xn--artoisgupesfrelons-1wb.fr\/wp-content\/uploads\/2023\/03\/essaimage-771x1024.jpg?resize=700%2C400&ssl=1 2x"},"classes":[]}],"_links":{"self":[{"href":"https:\/\/miel-le-goupil.fr\/index.php\/wp-json\/wp\/v2\/posts\/1972","targetHints":{"allow":["GET"]}}],"collection":[{"href":"https:\/\/miel-le-goupil.fr\/index.php\/wp-json\/wp\/v2\/posts"}],"about":[{"href":"https:\/\/miel-le-goupil.fr\/index.php\/wp-json\/wp\/v2\/types\/post"}],"author":[{"embeddable":true,"href":"https:\/\/miel-le-goupil.fr\/index.php\/wp-json\/wp\/v2\/users\/1"}],"replies":[{"embeddable":true,"href":"https:\/\/miel-le-goupil.fr\/index.php\/wp-json\/wp\/v2\/comments?post=1972"}],"version-history":[{"count":1,"href":"https:\/\/miel-le-goupil.fr\/index.php\/wp-json\/wp\/v2\/posts\/1972\/revisions"}],"predecessor-version":[{"id":1973,"href":"https:\/\/miel-le-goupil.fr\/index.php\/wp-json\/wp\/v2\/posts\/1972\/revisions\/1973"}],"wp:featuredmedia":[{"embeddable":true,"href":"https:\/\/miel-le-goupil.fr\/index.php\/wp-json\/wp\/v2\/media\/996"}],"wp:attachment":[{"href":"https:\/\/miel-le-goupil.fr\/index.php\/wp-json\/wp\/v2\/media?parent=1972"}],"wp:term":[{"taxonomy":"category","embeddable":true,"href":"https:\/\/miel-le-goupil.fr\/index.php\/wp-json\/wp\/v2\/categories?post=1972"},{"taxonomy":"post_tag","embeddable":true,"href":"https:\/\/miel-le-goupil.fr\/index.php\/wp-json\/wp\/v2\/tags?post=1972"}],"curies":[{"name":"wp","href":"https:\/\/api.w.org\/{rel}","templated":true}]}}