{"id":2020,"date":"2026-04-15T08:10:00","date_gmt":"2026-04-15T06:10:00","guid":{"rendered":"https:\/\/miel-le-goupil.fr\/?p=2020"},"modified":"2026-01-10T17:23:17","modified_gmt":"2026-01-10T16:23:17","slug":"comment-reconnaitre-un-essaim-dabeilles","status":"publish","type":"post","link":"https:\/\/miel-le-goupil.fr\/index.php\/2026\/04\/15\/comment-reconnaitre-un-essaim-dabeilles\/","title":{"rendered":"Comment reconna\u00eetre un essaim d\u2019abeilles ?"},"content":{"rendered":"<div class=\"wp-block-image\">\n<figure class=\"aligncenter size-full is-resized\"><img data-recalc-dims=\"1\" loading=\"lazy\" decoding=\"async\" width=\"395\" height=\"600\" src=\"https:\/\/i0.wp.com\/miel-le-goupil.fr\/wp-content\/uploads\/2026\/01\/image-5.png?resize=395%2C600&#038;ssl=1\" alt=\"\" class=\"wp-image-2021\" style=\"width:273px;height:auto\" srcset=\"https:\/\/i0.wp.com\/miel-le-goupil.fr\/wp-content\/uploads\/2026\/01\/image-5.png?w=395&amp;ssl=1 395w, https:\/\/i0.wp.com\/miel-le-goupil.fr\/wp-content\/uploads\/2026\/01\/image-5.png?resize=198%2C300&amp;ssl=1 198w\" sizes=\"auto, (max-width: 395px) 100vw, 395px\" \/><\/figure>\n<\/div>\n\n\n<p>Au printemps, il arrive parfois d\u2019apercevoir une&nbsp;<strong>masse d\u2019abeilles regroup\u00e9es<\/strong>&nbsp;dans un arbre, sur un mur ou pr\u00e8s d\u2019une habitation.<br>Ce spectacle impressionnant peut inqui\u00e9ter, mais il s\u2019agit tr\u00e8s souvent d\u2019un&nbsp;<strong>essaim d\u2019abeilles<\/strong>.<\/p>\n\n\n\n<p>Savoir reconna\u00eetre un essaim permet d\u2019adopter le bon comportement et d\u2019\u00e9viter des r\u00e9actions inutiles ou dangereuses.<\/p>\n\n\n\n<hr class=\"wp-block-separator has-alpha-channel-opacity\"\/>\n\n\n\n<h2 class=\"wp-block-heading\" id=\"h-qu-est-ce-qu-un-essaim-d-abeilles\">Qu\u2019est-ce qu\u2019un essaim d\u2019abeilles ?<\/h2>\n\n\n\n<p>Un essaim est un&nbsp;<strong>groupe d\u2019abeilles qui quitte une ruche avec une reine<\/strong>, dans le but de fonder une nouvelle colonie.<br>C\u2019est un ph\u00e9nom\u00e8ne naturel appel\u00e9&nbsp;<strong>essaimage<\/strong>, qui se produit principalement au printemps.<\/p>\n\n\n\n<p>L\u2019essaim est une&nbsp;<strong>phase de transition<\/strong>&nbsp;: les abeilles font une pause avant de trouver un nouvel emplacement d\u00e9finitif.<\/p>\n\n\n\n<hr class=\"wp-block-separator has-alpha-channel-opacity\"\/>\n\n\n\n<h2 class=\"wp-block-heading\" id=\"h-a-quoi-ressemble-un-essaim-d-abeilles\">\u00c0 quoi ressemble un essaim d\u2019abeilles ?<\/h2>\n\n\n\n<p>Un essaim est facilement reconnaissable :<\/p>\n\n\n\n<ul class=\"wp-block-list\">\n<li>les abeilles sont\u00a0<strong>regroup\u00e9es en grappe<\/strong><\/li>\n\n\n\n<li>la forme est souvent arrondie ou allong\u00e9e<\/li>\n\n\n\n<li>la taille peut varier, d\u2019une\u00a0<strong>orange \u00e0 un ballon<\/strong><\/li>\n\n\n\n<li>l\u2019ensemble est immobile ou peu mobile<\/li>\n<\/ul>\n\n\n\n<p>Les essaims se posent souvent :<\/p>\n\n\n\n<ul class=\"wp-block-list\">\n<li>dans un arbre ou un arbuste<\/li>\n\n\n\n<li>sur une branche<\/li>\n\n\n\n<li>sur un mur<\/li>\n\n\n\n<li>parfois sur un poteau ou une cl\u00f4ture<\/li>\n<\/ul>\n\n\n\n<hr class=\"wp-block-separator has-alpha-channel-opacity\"\/>\n\n\n\n<h2 class=\"wp-block-heading\" id=\"h-le-comportement-des-abeilles-dans-un-essaim\">Le comportement des abeilles dans un essaim<\/h2>\n\n\n\n<p>Contrairement aux id\u00e9es re\u00e7ues, les abeilles d\u2019un essaim sont&nbsp;<strong>calmes<\/strong>.<\/p>\n\n\n\n<p>Pourquoi ?<\/p>\n\n\n\n<ul class=\"wp-block-list\">\n<li>elles n\u2019ont\u00a0<strong>ni miel ni couvain \u00e0 d\u00e9fendre<\/strong><\/li>\n\n\n\n<li>elles sont concentr\u00e9es sur la protection de la reine<\/li>\n\n\n\n<li>elles se pr\u00e9parent \u00e0 repartir<\/li>\n<\/ul>\n\n\n\n<p>\ud83d\udc49 Les piq\u00fbres sont rares, sauf en cas de provocation.<\/p>\n\n\n\n<hr class=\"wp-block-separator has-alpha-channel-opacity\"\/>\n\n\n\n<h2 class=\"wp-block-heading\" id=\"h-combien-de-temps-un-essaim-reste-t-il-en-place\">Combien de temps un essaim reste-t-il en place ?<\/h2>\n\n\n\n<p>Un essaim reste g\u00e9n\u00e9ralement :<\/p>\n\n\n\n<ul class=\"wp-block-list\">\n<li><strong>quelques heures<\/strong><\/li>\n\n\n\n<li>parfois\u00a0<strong>un ou deux jours maximum<\/strong><\/li>\n<\/ul>\n\n\n\n<p>Pendant ce temps, des abeilles \u00e9claireuses partent \u00e0 la recherche d\u2019un nouvel abri (tronc creux, chemin\u00e9e, cavit\u00e9, dans les vieux murs des maisons\u2026).<\/p>\n\n\n\n<p>Une fois l\u2019endroit trouv\u00e9, l\u2019essaim repart d\u2019un seul coup.<\/p>\n\n\n\n<hr class=\"wp-block-separator has-alpha-channel-opacity\"\/>\n\n\n\n<h2 class=\"wp-block-heading\" id=\"h-essaim-d-abeilles-ou-nid-de-guepes-frelons\">Essaim d\u2019abeilles ou nid de gu\u00eapes \/ frelons ?<\/h2>\n\n\n\n<p>Il est important de ne pas confondre.<\/p>\n\n\n\n<h3 class=\"wp-block-heading\" id=\"h-essaim-d-abeilles\">Essaim d\u2019abeilles<\/h3>\n\n\n\n<ul class=\"wp-block-list\">\n<li>abeilles poilues, brun-jaune<\/li>\n\n\n\n<li>regroupement temporaire<\/li>\n\n\n\n<li>comportement calme<\/li>\n\n\n\n<li>pr\u00e9sent surtout au printemps<\/li>\n<\/ul>\n\n\n\n<h3 class=\"wp-block-heading\" id=\"h-guepes-frelons\">Gu\u00eapes \/ frelons<\/h3>\n\n\n\n<ul class=\"wp-block-list\">\n<li>insectes plus lisses<\/li>\n\n\n\n<li>nid construit et fixe<\/li>\n\n\n\n<li>comportement plus agressif<\/li>\n\n\n\n<li>activit\u00e9 surtout en \u00e9t\u00e9<\/li>\n<\/ul>\n\n\n\n<p>\ud83d\udc49 Un essaim n\u2019est&nbsp;<strong>pas un nid<\/strong>.<\/p>\n\n\n\n<hr class=\"wp-block-separator has-alpha-channel-opacity\"\/>\n\n\n\n<h2 class=\"wp-block-heading\" id=\"h-que-faire-si-vous-voyez-un-essaim-d-abeilles\">Que faire si vous voyez un essaim d\u2019abeilles ?<\/h2>\n\n\n\n<p>Les bons r\u00e9flexes :<\/p>\n\n\n\n<ul class=\"wp-block-list\">\n<li>ne pas paniquer<\/li>\n\n\n\n<li>ne pas tenter de le d\u00e9truire<\/li>\n\n\n\n<li>ne pas utiliser d\u2019insecticide<\/li>\n\n\n\n<li>garder ses distances<\/li>\n\n\n\n<li>\u00e9loigner enfants et animaux<\/li>\n<\/ul>\n\n\n\n<p>\ud83d\udc49 Le mieux est de\u00a0<strong>contacter un apiculteur local<\/strong>, qui pourra r\u00e9cup\u00e9rer l\u2019essaim. Miel Le Goupil r\u00e9cup\u00e8re mes essaims d&rsquo;abeilles 30 km autour d&rsquo;arras.<\/p>\n\n\n\n<p>Dans la plupart des cas, l\u2019essaim peut \u00eatre install\u00e9 dans une ruche et poursuivre sa vie normalement.<\/p>\n\n\n\n<hr class=\"wp-block-separator has-alpha-channel-opacity\"\/>\n\n\n\n<h2 class=\"wp-block-heading\" id=\"h-ce-qu-il-ne-faut-surtout-pas-faire\">Ce qu\u2019il ne faut surtout pas faire<\/h2>\n\n\n\n<p>\u274c Taper ou asperger l\u2019essaim<br>\u274c Utiliser de la fum\u00e9e ou de l\u2019eau<br>\u274c Essayer de le d\u00e9placer soi-m\u00eame<br>\u274c Appeler une soci\u00e9t\u00e9 de d\u00e9sinsectisation pour des abeilles<\/p>\n\n\n\n<p>Les abeilles sont&nbsp;<strong>prot\u00e9g\u00e9es<\/strong>&nbsp;et essentielles \u00e0 l\u2019environnement.<\/p>\n\n\n\n<hr class=\"wp-block-separator has-alpha-channel-opacity\"\/>\n\n\n\n<h2 class=\"wp-block-heading\" id=\"h-le-regard-de-l-apiculteur\">Le regard de l\u2019apiculteur<\/h2>\n\n\n\n<p>Pour un apiculteur, un essaim est une&nbsp;<strong>opportunit\u00e9 de pr\u00e9server une colonie<\/strong>.<br>La r\u00e9cup\u00e9ration d\u2019essaims permet :<\/p>\n\n\n\n<ul class=\"wp-block-list\">\n<li>de sauver des abeilles<\/li>\n\n\n\n<li>de limiter leur installation dans des endroits inadapt\u00e9s comme les murs de maisons, ou sous les planchers<\/li>\n\n\n\n<li>de pr\u00e9server la biodiversit\u00e9<\/li>\n<\/ul>\n\n\n\n<hr class=\"wp-block-separator has-alpha-channel-opacity\"\/>\n\n\n\n<h2 class=\"wp-block-heading\" id=\"h-en-resume\">En r\u00e9sum\u00e9<\/h2>\n\n\n\n<ul class=\"wp-block-list\">\n<li>Un essaim est un regroupement temporaire d\u2019abeilles<\/li>\n\n\n\n<li>Il appara\u00eet surtout au printemps<\/li>\n\n\n\n<li>Les abeilles sont calmes et peu agressives<\/li>\n\n\n\n<li>Un essaim n\u2019est pas un nid<\/li>\n\n\n\n<li>Il faut contacter un apiculteur<\/li>\n<\/ul>\n\n\n\n<p>Reconna\u00eetre un essaim permet d\u2019adopter le bon comportement et de prot\u00e9ger les abeilles.<\/p>\n\n\n\n<hr class=\"wp-block-separator has-alpha-channel-opacity\"\/>\n\n\n\n<div class=\"wp-block-jetpack-related-posts\">\n<h2 class=\"wp-block-heading\" id=\"h-\"><\/h2>\n<\/div>\n","protected":false},"excerpt":{"rendered":"<p>Au printemps, il arrive parfois d\u2019apercevoir une&nbsp;masse d\u2019abeilles regroup\u00e9es&nbsp;dans un arbre, sur un mur ou pr\u00e8s d\u2019une habitation.Ce spectacle impressionnant peut inqui\u00e9ter, mais il s\u2019agit tr\u00e8s souvent d\u2019un&nbsp;essaim d\u2019abeilles. Savoir reconna\u00eetre un essaim permet d\u2019adopter le bon comportement et d\u2019\u00e9viter des r\u00e9actions inutiles ou dangereuses. Qu\u2019est-ce qu\u2019un essaim d\u2019abeilles ? Un essaim est un&nbsp;groupe d\u2019abeilles [&hellip;]<\/p>\n","protected":false},"author":1,"featured_media":0,"comment_status":"open","ping_status":"open","sticky":false,"template":"","format":"standard","meta":{"ocean_post_layout":"","ocean_both_sidebars_style":"","ocean_both_sidebars_content_width":0,"ocean_both_sidebars_sidebars_width":0,"ocean_sidebar":"","ocean_second_sidebar":"","ocean_disable_margins":"enable","ocean_add_body_class":"","ocean_shortcode_before_top_bar":"","ocean_shortcode_after_top_bar":"","ocean_shortcode_before_header":"","ocean_shortcode_after_header":"","ocean_has_shortcode":"","ocean_shortcode_after_title":"","ocean_shortcode_before_footer_widgets":"","ocean_shortcode_after_footer_widgets":"","ocean_shortcode_before_footer_bottom":"","ocean_shortcode_after_footer_bottom":"","ocean_display_top_bar":"default","ocean_display_header":"default","ocean_header_style":"","ocean_center_header_left_menu":"","ocean_custom_header_template":"","ocean_custom_logo":0,"ocean_custom_retina_logo":0,"ocean_custom_logo_max_width":0,"ocean_custom_logo_tablet_max_width":0,"ocean_custom_logo_mobile_max_width":0,"ocean_custom_logo_max_height":0,"ocean_custom_logo_tablet_max_height":0,"ocean_custom_logo_mobile_max_height":0,"ocean_header_custom_menu":"","ocean_menu_typo_font_family":"","ocean_menu_typo_font_subset":"","ocean_menu_typo_font_size":0,"ocean_menu_typo_font_size_tablet":0,"ocean_menu_typo_font_size_mobile":0,"ocean_menu_typo_font_size_unit":"px","ocean_menu_typo_font_weight":"","ocean_menu_typo_font_weight_tablet":"","ocean_menu_typo_font_weight_mobile":"","ocean_menu_typo_transform":"","ocean_menu_typo_transform_tablet":"","ocean_menu_typo_transform_mobile":"","ocean_menu_typo_line_height":0,"ocean_menu_typo_line_height_tablet":0,"ocean_menu_typo_line_height_mobile":0,"ocean_menu_typo_line_height_unit":"","ocean_menu_typo_spacing":0,"ocean_menu_typo_spacing_tablet":0,"ocean_menu_typo_spacing_mobile":0,"ocean_menu_typo_spacing_unit":"","ocean_menu_link_color":"","ocean_menu_link_color_hover":"","ocean_menu_link_color_active":"","ocean_menu_link_background":"","ocean_menu_link_hover_background":"","ocean_menu_link_active_background":"","ocean_menu_social_links_bg":"","ocean_menu_social_hover_links_bg":"","ocean_menu_social_links_color":"","ocean_menu_social_hover_links_color":"","ocean_disable_title":"default","ocean_disable_heading":"default","ocean_post_title":"","ocean_post_subheading":"","ocean_post_title_style":"","ocean_post_title_background_color":"","ocean_post_title_background":0,"ocean_post_title_bg_image_position":"","ocean_post_title_bg_image_attachment":"","ocean_post_title_bg_image_repeat":"","ocean_post_title_bg_image_size":"","ocean_post_title_height":0,"ocean_post_title_bg_overlay":0.5,"ocean_post_title_bg_overlay_color":"","ocean_disable_breadcrumbs":"default","ocean_breadcrumbs_color":"","ocean_breadcrumbs_separator_color":"","ocean_breadcrumbs_links_color":"","ocean_breadcrumbs_links_hover_color":"","ocean_display_footer_widgets":"default","ocean_display_footer_bottom":"default","ocean_custom_footer_template":"","jetpack_post_was_ever_published":false,"_jetpack_newsletter_access":"","_jetpack_dont_email_post_to_subs":false,"_jetpack_newsletter_tier_id":0,"_jetpack_memberships_contains_paywalled_content":false,"_jetpack_memberships_contains_paid_content":false,"ocean_post_oembed":"","ocean_post_self_hosted_media":"","ocean_post_video_embed":"","ocean_link_format":"","ocean_link_format_target":"self","ocean_quote_format":"","ocean_quote_format_link":"post","ocean_gallery_link_images":"on","ocean_gallery_id":[],"footnotes":"","jetpack_publicize_message":"Comment reconna\u00eetre un essaim d\u2019abeilles au printemps ? Apparence, comportement et bons r\u00e9flexes expliqu\u00e9s par un apiculteur.","jetpack_publicize_feature_enabled":true,"jetpack_social_post_already_shared":true,"jetpack_social_options":{"image_generator_settings":{"template":"highway","default_image_id":0,"font":"","enabled":false},"version":2}},"categories":[1],"tags":[],"class_list":["post-2020","post","type-post","status-publish","format-standard","hentry","category-blog","entry","owp-thumbs-layout-horizontal","owp-btn-normal","owp-tabs-layout-section","has-no-thumbnails","has-product-nav"],"yoast_head":"<!-- This site is optimized with the Yoast SEO Premium plugin v26.5 (Yoast SEO v27.5) - https:\/\/yoast.com\/product\/yoast-seo-premium-wordpress\/ -->\n<title>Comment reconna\u00eetre un essaim d\u2019abeilles ? - Miel Le Goupil<\/title>\n<meta name=\"description\" content=\"Comment reconna\u00eetre un essaim d\u2019abeilles au printemps ? Apparence, comportement et bons r\u00e9flexes expliqu\u00e9s par un apiculteur.\" \/>\n<meta name=\"robots\" content=\"index, follow, max-snippet:-1, max-image-preview:large, max-video-preview:-1\" \/>\n<link rel=\"canonical\" href=\"https:\/\/miel-le-goupil.fr\/index.php\/2026\/04\/15\/comment-reconnaitre-un-essaim-dabeilles\/\" \/>\n<meta property=\"og:locale\" content=\"fr_FR\" \/>\n<meta property=\"og:type\" content=\"article\" \/>\n<meta property=\"og:title\" content=\"Comment reconna\u00eetre un essaim d\u2019abeilles ?\" \/>\n<meta property=\"og:description\" content=\"Comment reconna\u00eetre un essaim d\u2019abeilles au printemps ? Apparence, comportement et bons r\u00e9flexes expliqu\u00e9s par un apiculteur.\" \/>\n<meta property=\"og:url\" content=\"https:\/\/miel-le-goupil.fr\/index.php\/2026\/04\/15\/comment-reconnaitre-un-essaim-dabeilles\/\" \/>\n<meta property=\"og:site_name\" content=\"Miel Le Goupil\" \/>\n<meta property=\"article:publisher\" content=\"https:\/\/www.facebook.com\/profile.php?id=100085690041392\" \/>\n<meta property=\"article:published_time\" content=\"2026-04-15T06:10:00+00:00\" \/>\n<meta property=\"og:image\" content=\"https:\/\/miel-le-goupil.fr\/wp-content\/uploads\/2026\/01\/image-5.png\" \/>\n<meta name=\"author\" content=\"goupil.thomas\" \/>\n<meta name=\"twitter:card\" content=\"summary_large_image\" \/>\n<meta name=\"twitter:label1\" content=\"\u00c9crit par\" \/>\n\t<meta name=\"twitter:data1\" content=\"goupil.thomas\" \/>\n\t<meta name=\"twitter:label2\" content=\"Dur\u00e9e de lecture estim\u00e9e\" \/>\n\t<meta name=\"twitter:data2\" content=\"3 minutes\" \/>\n<script type=\"application\/ld+json\" class=\"yoast-schema-graph\">{\"@context\":\"https:\\\/\\\/schema.org\",\"@graph\":[{\"@type\":\"Article\",\"@id\":\"https:\\\/\\\/miel-le-goupil.fr\\\/index.php\\\/2026\\\/04\\\/15\\\/comment-reconnaitre-un-essaim-dabeilles\\\/#article\",\"isPartOf\":{\"@id\":\"https:\\\/\\\/miel-le-goupil.fr\\\/index.php\\\/2026\\\/04\\\/15\\\/comment-reconnaitre-un-essaim-dabeilles\\\/\"},\"author\":{\"name\":\"goupil.thomas\",\"@id\":\"https:\\\/\\\/miel-le-goupil.fr\\\/#\\\/schema\\\/person\\\/500f4db90954ee62425e30fd87f05b18\"},\"headline\":\"Comment reconna\u00eetre un essaim d\u2019abeilles ?\",\"datePublished\":\"2026-04-15T06:10:00+00:00\",\"mainEntityOfPage\":{\"@id\":\"https:\\\/\\\/miel-le-goupil.fr\\\/index.php\\\/2026\\\/04\\\/15\\\/comment-reconnaitre-un-essaim-dabeilles\\\/\"},\"wordCount\":616,\"commentCount\":0,\"publisher\":{\"@id\":\"https:\\\/\\\/miel-le-goupil.fr\\\/#organization\"},\"image\":{\"@id\":\"https:\\\/\\\/miel-le-goupil.fr\\\/index.php\\\/2026\\\/04\\\/15\\\/comment-reconnaitre-un-essaim-dabeilles\\\/#primaryimage\"},\"thumbnailUrl\":\"https:\\\/\\\/miel-le-goupil.fr\\\/wp-content\\\/uploads\\\/2026\\\/01\\\/image-5.png\",\"articleSection\":[\"Blog\"],\"inLanguage\":\"fr-FR\",\"potentialAction\":[{\"@type\":\"CommentAction\",\"name\":\"Comment\",\"target\":[\"https:\\\/\\\/miel-le-goupil.fr\\\/index.php\\\/2026\\\/04\\\/15\\\/comment-reconnaitre-un-essaim-dabeilles\\\/#respond\"]}],\"copyrightYear\":\"2026\",\"copyrightHolder\":{\"@id\":\"https:\\\/\\\/miel-le-goupil.fr\\\/#organization\"}},{\"@type\":\"WebPage\",\"@id\":\"https:\\\/\\\/miel-le-goupil.fr\\\/index.php\\\/2026\\\/04\\\/15\\\/comment-reconnaitre-un-essaim-dabeilles\\\/\",\"url\":\"https:\\\/\\\/miel-le-goupil.fr\\\/index.php\\\/2026\\\/04\\\/15\\\/comment-reconnaitre-un-essaim-dabeilles\\\/\",\"name\":\"Comment reconna\u00eetre un essaim d\u2019abeilles ? - Miel Le Goupil\",\"isPartOf\":{\"@id\":\"https:\\\/\\\/miel-le-goupil.fr\\\/#website\"},\"primaryImageOfPage\":{\"@id\":\"https:\\\/\\\/miel-le-goupil.fr\\\/index.php\\\/2026\\\/04\\\/15\\\/comment-reconnaitre-un-essaim-dabeilles\\\/#primaryimage\"},\"image\":{\"@id\":\"https:\\\/\\\/miel-le-goupil.fr\\\/index.php\\\/2026\\\/04\\\/15\\\/comment-reconnaitre-un-essaim-dabeilles\\\/#primaryimage\"},\"thumbnailUrl\":\"https:\\\/\\\/miel-le-goupil.fr\\\/wp-content\\\/uploads\\\/2026\\\/01\\\/image-5.png\",\"datePublished\":\"2026-04-15T06:10:00+00:00\",\"description\":\"Comment reconna\u00eetre un essaim d\u2019abeilles au printemps ? Apparence, comportement et bons r\u00e9flexes expliqu\u00e9s par un apiculteur.\",\"breadcrumb\":{\"@id\":\"https:\\\/\\\/miel-le-goupil.fr\\\/index.php\\\/2026\\\/04\\\/15\\\/comment-reconnaitre-un-essaim-dabeilles\\\/#breadcrumb\"},\"inLanguage\":\"fr-FR\",\"potentialAction\":[{\"@type\":\"ReadAction\",\"target\":[\"https:\\\/\\\/miel-le-goupil.fr\\\/index.php\\\/2026\\\/04\\\/15\\\/comment-reconnaitre-un-essaim-dabeilles\\\/\"]}]},{\"@type\":\"ImageObject\",\"inLanguage\":\"fr-FR\",\"@id\":\"https:\\\/\\\/miel-le-goupil.fr\\\/index.php\\\/2026\\\/04\\\/15\\\/comment-reconnaitre-un-essaim-dabeilles\\\/#primaryimage\",\"url\":\"https:\\\/\\\/i0.wp.com\\\/miel-le-goupil.fr\\\/wp-content\\\/uploads\\\/2026\\\/01\\\/image-5.png?fit=395%2C600&ssl=1\",\"contentUrl\":\"https:\\\/\\\/i0.wp.com\\\/miel-le-goupil.fr\\\/wp-content\\\/uploads\\\/2026\\\/01\\\/image-5.png?fit=395%2C600&ssl=1\",\"width\":395,\"height\":600},{\"@type\":\"BreadcrumbList\",\"@id\":\"https:\\\/\\\/miel-le-goupil.fr\\\/index.php\\\/2026\\\/04\\\/15\\\/comment-reconnaitre-un-essaim-dabeilles\\\/#breadcrumb\",\"itemListElement\":[{\"@type\":\"ListItem\",\"position\":1,\"name\":\"Accueil\",\"item\":\"https:\\\/\\\/miel-le-goupil.fr\\\/\"},{\"@type\":\"ListItem\",\"position\":2,\"name\":\"Comment reconna\u00eetre un essaim d\u2019abeilles ?\"}]},{\"@type\":\"WebSite\",\"@id\":\"https:\\\/\\\/miel-le-goupil.fr\\\/#website\",\"url\":\"https:\\\/\\\/miel-le-goupil.fr\\\/\",\"name\":\"Miel-Le-Goupil\",\"description\":\"Vente de miels le Goupil - producteur r\u00e9coltant\",\"publisher\":{\"@id\":\"https:\\\/\\\/miel-le-goupil.fr\\\/#organization\"},\"alternateName\":\"Miel Le Goupil\",\"potentialAction\":[{\"@type\":\"SearchAction\",\"target\":{\"@type\":\"EntryPoint\",\"urlTemplate\":\"https:\\\/\\\/miel-le-goupil.fr\\\/?s={search_term_string}\"},\"query-input\":{\"@type\":\"PropertyValueSpecification\",\"valueRequired\":true,\"valueName\":\"search_term_string\"}}],\"inLanguage\":\"fr-FR\"},{\"@type\":[\"Organization\",\"Place\"],\"@id\":\"https:\\\/\\\/miel-le-goupil.fr\\\/#organization\",\"name\":\"Miel Le Goupil\",\"alternateName\":\"Monsieur\",\"url\":\"https:\\\/\\\/miel-le-goupil.fr\\\/\",\"logo\":{\"@id\":\"https:\\\/\\\/miel-le-goupil.fr\\\/index.php\\\/2026\\\/04\\\/15\\\/comment-reconnaitre-un-essaim-dabeilles\\\/#local-main-organization-logo\"},\"image\":{\"@id\":\"https:\\\/\\\/miel-le-goupil.fr\\\/index.php\\\/2026\\\/04\\\/15\\\/comment-reconnaitre-un-essaim-dabeilles\\\/#local-main-organization-logo\"},\"sameAs\":[\"https:\\\/\\\/www.facebook.com\\\/profile.php?id=100085690041392\"],\"description\":\"Apiculteur produisant et r\u00e9coltant du miel, mais \u00e9galement du pollen. Le site Miel-Le-Goupil est une boutique en ligne proposant des produits en lien avec l'apiculture.\",\"legalName\":\"miel le goupil\",\"foundingDate\":\"2024-01-01\",\"publishingPrinciples\":\"https:\\\/\\\/miel-le-goupil.fr\\\/index.php\\\/politique-de-confidentialite\\\/\",\"actionableFeedbackPolicy\":\"https:\\\/\\\/miel-le-goupil.fr\\\/index.php\\\/refund_returns\\\/\",\"hasMerchantReturnPolicy\":{\"@type\":\"MerchantReturnPolicy\",\"merchantReturnLink\":\"https:\\\/\\\/miel-le-goupil.fr\\\/index.php\\\/refund_returns\\\/\"},\"address\":{\"@id\":\"https:\\\/\\\/miel-le-goupil.fr\\\/index.php\\\/2026\\\/04\\\/15\\\/comment-reconnaitre-un-essaim-dabeilles\\\/#local-main-place-address\"},\"geo\":{\"@type\":\"GeoCoordinates\",\"latitude\":\"50.35013876685057\",\"longitude\":\"2.66141816347962\"},\"telephone\":[],\"contactPoint\":{\"@type\":\"ContactPoint\",\"telephone\":\"0631607332\",\"email\":\"contact@miel-le-goupil.fr\"},\"openingHoursSpecification\":[{\"@type\":\"OpeningHoursSpecification\",\"dayOfWeek\":[\"Monday\",\"Friday\"],\"opens\":\"08:30\",\"closes\":\"19:30\"},{\"@type\":\"OpeningHoursSpecification\",\"dayOfWeek\":[\"Tuesday\",\"Wednesday\",\"Thursday\",\"Sunday\"],\"opens\":\"00:00\",\"closes\":\"00:00\"},{\"@type\":\"OpeningHoursSpecification\",\"dayOfWeek\":[\"Saturday\"],\"opens\":\"10:00\",\"closes\":\"19:30\"}],\"taxID\":\"91966321100028\"},{\"@type\":\"Person\",\"@id\":\"https:\\\/\\\/miel-le-goupil.fr\\\/#\\\/schema\\\/person\\\/500f4db90954ee62425e30fd87f05b18\",\"name\":\"goupil.thomas\",\"image\":{\"@type\":\"ImageObject\",\"inLanguage\":\"fr-FR\",\"@id\":\"https:\\\/\\\/secure.gravatar.com\\\/avatar\\\/b4df64d7920bda368c2d3dc74bc620b7810842274d815e32c2edf9401b19b8f0?s=96&d=mm&r=g\",\"url\":\"https:\\\/\\\/secure.gravatar.com\\\/avatar\\\/b4df64d7920bda368c2d3dc74bc620b7810842274d815e32c2edf9401b19b8f0?s=96&d=mm&r=g\",\"contentUrl\":\"https:\\\/\\\/secure.gravatar.com\\\/avatar\\\/b4df64d7920bda368c2d3dc74bc620b7810842274d815e32c2edf9401b19b8f0?s=96&d=mm&r=g\",\"caption\":\"goupil.thomas\"},\"sameAs\":[\"https:\\\/\\\/miel-le-goupil.fr\"],\"url\":\"https:\\\/\\\/miel-le-goupil.fr\\\/index.php\\\/author\\\/goupil-thomas\\\/\"},{\"@type\":\"PostalAddress\",\"@id\":\"https:\\\/\\\/miel-le-goupil.fr\\\/index.php\\\/2026\\\/04\\\/15\\\/comment-reconnaitre-un-essaim-dabeilles\\\/#local-main-place-address\",\"streetAddress\":\"16 chemin salbert\",\"addressLocality\":\"Acq\",\"postalCode\":\"62144\",\"addressCountry\":\"FR\"},{\"@type\":\"ImageObject\",\"inLanguage\":\"fr-FR\",\"@id\":\"https:\\\/\\\/miel-le-goupil.fr\\\/index.php\\\/2026\\\/04\\\/15\\\/comment-reconnaitre-un-essaim-dabeilles\\\/#local-main-organization-logo\",\"url\":\"https:\\\/\\\/i0.wp.com\\\/miel-le-goupil.fr\\\/wp-content\\\/uploads\\\/2024\\\/01\\\/cropped-logo.png?fit=512%2C512&ssl=1\",\"contentUrl\":\"https:\\\/\\\/i0.wp.com\\\/miel-le-goupil.fr\\\/wp-content\\\/uploads\\\/2024\\\/01\\\/cropped-logo.png?fit=512%2C512&ssl=1\",\"width\":512,\"height\":512,\"caption\":\"Miel Le Goupil\"}]}<\/script>\n<meta name=\"geo.placename\" content=\"Acq\" \/>\n<meta name=\"geo.position\" content=\"50.35013876685057;2.66141816347962\" \/>\n<meta name=\"geo.region\" content=\"France\" \/>\n<!-- \/ Yoast SEO Premium plugin. -->","yoast_head_json":{"title":"Comment reconna\u00eetre un essaim d\u2019abeilles ? - Miel Le Goupil","description":"Comment reconna\u00eetre un essaim d\u2019abeilles au printemps ? Apparence, comportement et bons r\u00e9flexes expliqu\u00e9s par un apiculteur.","robots":{"index":"index","follow":"follow","max-snippet":"max-snippet:-1","max-image-preview":"max-image-preview:large","max-video-preview":"max-video-preview:-1"},"canonical":"https:\/\/miel-le-goupil.fr\/index.php\/2026\/04\/15\/comment-reconnaitre-un-essaim-dabeilles\/","og_locale":"fr_FR","og_type":"article","og_title":"Comment reconna\u00eetre un essaim d\u2019abeilles ?","og_description":"Comment reconna\u00eetre un essaim d\u2019abeilles au printemps ? Apparence, comportement et bons r\u00e9flexes expliqu\u00e9s par un apiculteur.","og_url":"https:\/\/miel-le-goupil.fr\/index.php\/2026\/04\/15\/comment-reconnaitre-un-essaim-dabeilles\/","og_site_name":"Miel Le Goupil","article_publisher":"https:\/\/www.facebook.com\/profile.php?id=100085690041392","article_published_time":"2026-04-15T06:10:00+00:00","og_image":[{"url":"https:\/\/miel-le-goupil.fr\/wp-content\/uploads\/2026\/01\/image-5.png","type":"","width":"","height":""}],"author":"goupil.thomas","twitter_card":"summary_large_image","twitter_misc":{"\u00c9crit par":"goupil.thomas","Dur\u00e9e de lecture estim\u00e9e":"3 minutes"},"schema":{"@context":"https:\/\/schema.org","@graph":[{"@type":"Article","@id":"https:\/\/miel-le-goupil.fr\/index.php\/2026\/04\/15\/comment-reconnaitre-un-essaim-dabeilles\/#article","isPartOf":{"@id":"https:\/\/miel-le-goupil.fr\/index.php\/2026\/04\/15\/comment-reconnaitre-un-essaim-dabeilles\/"},"author":{"name":"goupil.thomas","@id":"https:\/\/miel-le-goupil.fr\/#\/schema\/person\/500f4db90954ee62425e30fd87f05b18"},"headline":"Comment reconna\u00eetre un essaim d\u2019abeilles ?","datePublished":"2026-04-15T06:10:00+00:00","mainEntityOfPage":{"@id":"https:\/\/miel-le-goupil.fr\/index.php\/2026\/04\/15\/comment-reconnaitre-un-essaim-dabeilles\/"},"wordCount":616,"commentCount":0,"publisher":{"@id":"https:\/\/miel-le-goupil.fr\/#organization"},"image":{"@id":"https:\/\/miel-le-goupil.fr\/index.php\/2026\/04\/15\/comment-reconnaitre-un-essaim-dabeilles\/#primaryimage"},"thumbnailUrl":"https:\/\/miel-le-goupil.fr\/wp-content\/uploads\/2026\/01\/image-5.png","articleSection":["Blog"],"inLanguage":"fr-FR","potentialAction":[{"@type":"CommentAction","name":"Comment","target":["https:\/\/miel-le-goupil.fr\/index.php\/2026\/04\/15\/comment-reconnaitre-un-essaim-dabeilles\/#respond"]}],"copyrightYear":"2026","copyrightHolder":{"@id":"https:\/\/miel-le-goupil.fr\/#organization"}},{"@type":"WebPage","@id":"https:\/\/miel-le-goupil.fr\/index.php\/2026\/04\/15\/comment-reconnaitre-un-essaim-dabeilles\/","url":"https:\/\/miel-le-goupil.fr\/index.php\/2026\/04\/15\/comment-reconnaitre-un-essaim-dabeilles\/","name":"Comment reconna\u00eetre un essaim d\u2019abeilles ? - Miel Le Goupil","isPartOf":{"@id":"https:\/\/miel-le-goupil.fr\/#website"},"primaryImageOfPage":{"@id":"https:\/\/miel-le-goupil.fr\/index.php\/2026\/04\/15\/comment-reconnaitre-un-essaim-dabeilles\/#primaryimage"},"image":{"@id":"https:\/\/miel-le-goupil.fr\/index.php\/2026\/04\/15\/comment-reconnaitre-un-essaim-dabeilles\/#primaryimage"},"thumbnailUrl":"https:\/\/miel-le-goupil.fr\/wp-content\/uploads\/2026\/01\/image-5.png","datePublished":"2026-04-15T06:10:00+00:00","description":"Comment reconna\u00eetre un essaim d\u2019abeilles au printemps ? Apparence, comportement et bons r\u00e9flexes expliqu\u00e9s par un apiculteur.","breadcrumb":{"@id":"https:\/\/miel-le-goupil.fr\/index.php\/2026\/04\/15\/comment-reconnaitre-un-essaim-dabeilles\/#breadcrumb"},"inLanguage":"fr-FR","potentialAction":[{"@type":"ReadAction","target":["https:\/\/miel-le-goupil.fr\/index.php\/2026\/04\/15\/comment-reconnaitre-un-essaim-dabeilles\/"]}]},{"@type":"ImageObject","inLanguage":"fr-FR","@id":"https:\/\/miel-le-goupil.fr\/index.php\/2026\/04\/15\/comment-reconnaitre-un-essaim-dabeilles\/#primaryimage","url":"https:\/\/i0.wp.com\/miel-le-goupil.fr\/wp-content\/uploads\/2026\/01\/image-5.png?fit=395%2C600&ssl=1","contentUrl":"https:\/\/i0.wp.com\/miel-le-goupil.fr\/wp-content\/uploads\/2026\/01\/image-5.png?fit=395%2C600&ssl=1","width":395,"height":600},{"@type":"BreadcrumbList","@id":"https:\/\/miel-le-goupil.fr\/index.php\/2026\/04\/15\/comment-reconnaitre-un-essaim-dabeilles\/#breadcrumb","itemListElement":[{"@type":"ListItem","position":1,"name":"Accueil","item":"https:\/\/miel-le-goupil.fr\/"},{"@type":"ListItem","position":2,"name":"Comment reconna\u00eetre un essaim d\u2019abeilles ?"}]},{"@type":"WebSite","@id":"https:\/\/miel-le-goupil.fr\/#website","url":"https:\/\/miel-le-goupil.fr\/","name":"Miel-Le-Goupil","description":"Vente de miels le Goupil - producteur r\u00e9coltant","publisher":{"@id":"https:\/\/miel-le-goupil.fr\/#organization"},"alternateName":"Miel Le Goupil","potentialAction":[{"@type":"SearchAction","target":{"@type":"EntryPoint","urlTemplate":"https:\/\/miel-le-goupil.fr\/?s={search_term_string}"},"query-input":{"@type":"PropertyValueSpecification","valueRequired":true,"valueName":"search_term_string"}}],"inLanguage":"fr-FR"},{"@type":["Organization","Place"],"@id":"https:\/\/miel-le-goupil.fr\/#organization","name":"Miel Le Goupil","alternateName":"Monsieur","url":"https:\/\/miel-le-goupil.fr\/","logo":{"@id":"https:\/\/miel-le-goupil.fr\/index.php\/2026\/04\/15\/comment-reconnaitre-un-essaim-dabeilles\/#local-main-organization-logo"},"image":{"@id":"https:\/\/miel-le-goupil.fr\/index.php\/2026\/04\/15\/comment-reconnaitre-un-essaim-dabeilles\/#local-main-organization-logo"},"sameAs":["https:\/\/www.facebook.com\/profile.php?id=100085690041392"],"description":"Apiculteur produisant et r\u00e9coltant du miel, mais \u00e9galement du pollen. Le site Miel-Le-Goupil est une boutique en ligne proposant des produits en lien avec l'apiculture.","legalName":"miel le goupil","foundingDate":"2024-01-01","publishingPrinciples":"https:\/\/miel-le-goupil.fr\/index.php\/politique-de-confidentialite\/","actionableFeedbackPolicy":"https:\/\/miel-le-goupil.fr\/index.php\/refund_returns\/","hasMerchantReturnPolicy":{"@type":"MerchantReturnPolicy","merchantReturnLink":"https:\/\/miel-le-goupil.fr\/index.php\/refund_returns\/"},"address":{"@id":"https:\/\/miel-le-goupil.fr\/index.php\/2026\/04\/15\/comment-reconnaitre-un-essaim-dabeilles\/#local-main-place-address"},"geo":{"@type":"GeoCoordinates","latitude":"50.35013876685057","longitude":"2.66141816347962"},"telephone":[],"contactPoint":{"@type":"ContactPoint","telephone":"0631607332","email":"contact@miel-le-goupil.fr"},"openingHoursSpecification":[{"@type":"OpeningHoursSpecification","dayOfWeek":["Monday","Friday"],"opens":"08:30","closes":"19:30"},{"@type":"OpeningHoursSpecification","dayOfWeek":["Tuesday","Wednesday","Thursday","Sunday"],"opens":"00:00","closes":"00:00"},{"@type":"OpeningHoursSpecification","dayOfWeek":["Saturday"],"opens":"10:00","closes":"19:30"}],"taxID":"91966321100028"},{"@type":"Person","@id":"https:\/\/miel-le-goupil.fr\/#\/schema\/person\/500f4db90954ee62425e30fd87f05b18","name":"goupil.thomas","image":{"@type":"ImageObject","inLanguage":"fr-FR","@id":"https:\/\/secure.gravatar.com\/avatar\/b4df64d7920bda368c2d3dc74bc620b7810842274d815e32c2edf9401b19b8f0?s=96&d=mm&r=g","url":"https:\/\/secure.gravatar.com\/avatar\/b4df64d7920bda368c2d3dc74bc620b7810842274d815e32c2edf9401b19b8f0?s=96&d=mm&r=g","contentUrl":"https:\/\/secure.gravatar.com\/avatar\/b4df64d7920bda368c2d3dc74bc620b7810842274d815e32c2edf9401b19b8f0?s=96&d=mm&r=g","caption":"goupil.thomas"},"sameAs":["https:\/\/miel-le-goupil.fr"],"url":"https:\/\/miel-le-goupil.fr\/index.php\/author\/goupil-thomas\/"},{"@type":"PostalAddress","@id":"https:\/\/miel-le-goupil.fr\/index.php\/2026\/04\/15\/comment-reconnaitre-un-essaim-dabeilles\/#local-main-place-address","streetAddress":"16 chemin salbert","addressLocality":"Acq","postalCode":"62144","addressCountry":"FR"},{"@type":"ImageObject","inLanguage":"fr-FR","@id":"https:\/\/miel-le-goupil.fr\/index.php\/2026\/04\/15\/comment-reconnaitre-un-essaim-dabeilles\/#local-main-organization-logo","url":"https:\/\/i0.wp.com\/miel-le-goupil.fr\/wp-content\/uploads\/2024\/01\/cropped-logo.png?fit=512%2C512&ssl=1","contentUrl":"https:\/\/i0.wp.com\/miel-le-goupil.fr\/wp-content\/uploads\/2024\/01\/cropped-logo.png?fit=512%2C512&ssl=1","width":512,"height":512,"caption":"Miel Le Goupil"}]},"geo.placename":"Acq","geo.position":{"lat":"50.35013876685057","long":"2.66141816347962"},"geo.region":"France"},"jetpack_publicize_connections":[],"jetpack_featured_media_url":"","jetpack_sharing_enabled":true,"jetpack_likes_enabled":true,"jetpack-related-posts":[{"id":1491,"url":"https:\/\/miel-le-goupil.fr\/index.php\/2025\/04\/25\/comment-retirer-un-essaim-dabeilles-dans-le-toit-cheminee-ou-mur-de-la-maison\/","url_meta":{"origin":2020,"position":0},"title":"Comment retirer un essaim d&rsquo;abeilles dans le toit, chemin\u00e9e ou mur de la maison","author":"goupil.thomas","date":"25 avril 2025","format":false,"excerpt":"Comprendre le comportement des abeilles L'essaimage Les abeilles, en tant qu'insectes sociaux, pr\u00e9sentent des comportements fascinants qui m\u00e9ritent d'\u00eatre \u00e9tudi\u00e9s pour comprendre leur tendance \u00e0 s'installer dans des endroits inattendus, tels que les toits des maisons. L'essaimage est un ph\u00e9nom\u00e8ne crucial dans la vie des abeilles, qui survient g\u00e9n\u00e9ralement au\u2026","rel":"","context":"Dans &quot;Blog&quot;","block_context":{"text":"Blog","link":"https:\/\/miel-le-goupil.fr\/index.php\/category\/blog\/"},"img":{"alt_text":"","src":"https:\/\/i0.wp.com\/miel-le-goupil.fr\/wp-content\/uploads\/2024\/01\/20230521_120017475_iOS.jpg?resize=350%2C200&ssl=1","width":350,"height":200,"srcset":"https:\/\/i0.wp.com\/miel-le-goupil.fr\/wp-content\/uploads\/2024\/01\/20230521_120017475_iOS.jpg?resize=350%2C200&ssl=1 1x, https:\/\/i0.wp.com\/miel-le-goupil.fr\/wp-content\/uploads\/2024\/01\/20230521_120017475_iOS.jpg?resize=525%2C300&ssl=1 1.5x, https:\/\/i0.wp.com\/miel-le-goupil.fr\/wp-content\/uploads\/2024\/01\/20230521_120017475_iOS.jpg?resize=700%2C400&ssl=1 2x"},"classes":[]},{"id":404,"url":"https:\/\/miel-le-goupil.fr\/index.php\/2024\/02\/12\/les-essaims-dabeilles\/","url_meta":{"origin":2020,"position":1},"title":"Les essaims d&rsquo;abeilles","author":"goupil.thomas","date":"12 f\u00e9vrier 2024","format":false,"excerpt":"Le printemps arrive, les ruches sont actives, et les reines ont repris leurs pontes depuis quelques semaines.\u00a0Nous pouvons constater avec le redoux la rentr\u00e9e de grains de pollen qui va permettre de nourrir les larves.\u00a0Jusqu'\u00e0 l'\u00e9t\u00e9, la reine va augmenter le nombre d'\u0153ufs pondu par jour jusqu'\u00e0 2000.\u00a0Et il peut\u2026","rel":"","context":"Dans &quot;Apiculture&quot;","block_context":{"text":"Apiculture","link":"https:\/\/miel-le-goupil.fr\/index.php\/category\/apiculture\/"},"img":{"alt_text":"L\u2019attribut alt de cette image est vide, son nom de fichier est essaimage-771x1024.jpg.","src":"https:\/\/i0.wp.com\/xn--artoisgupesfrelons-1wb.fr\/wp-content\/uploads\/2023\/03\/essaimage-771x1024.jpg?resize=350%2C200&ssl=1","width":350,"height":200,"srcset":"https:\/\/i0.wp.com\/xn--artoisgupesfrelons-1wb.fr\/wp-content\/uploads\/2023\/03\/essaimage-771x1024.jpg?resize=350%2C200&ssl=1 1x, https:\/\/i0.wp.com\/xn--artoisgupesfrelons-1wb.fr\/wp-content\/uploads\/2023\/03\/essaimage-771x1024.jpg?resize=525%2C300&ssl=1 1.5x, https:\/\/i0.wp.com\/xn--artoisgupesfrelons-1wb.fr\/wp-content\/uploads\/2023\/03\/essaimage-771x1024.jpg?resize=700%2C400&ssl=1 2x"},"classes":[]},{"id":1290,"url":"https:\/\/miel-le-goupil.fr\/index.php\/2025\/04\/08\/comment-attirer-un-essaim-dans-une-ruche\/","url_meta":{"origin":2020,"position":2},"title":"Comment attirer un essaim dans une ruche","author":"goupil.thomas","date":"8 avril 2025","format":false,"excerpt":"Comprendre le comportement des abeilles Les abeilles, en tant qu'insectes sociaux, pr\u00e9sentent une dynamique fascinante au sein de leurs colonies. L'une des caract\u00e9ristiques les plus remarquables de leur comportement est le processus d'essaimage. Cette strat\u00e9gie de reproduction est cruciale pour la survie et la p\u00e9rennit\u00e9 des colonies d'abeilles. Lorsqu'une colonie\u2026","rel":"","context":"Dans &quot;Blog&quot;","block_context":{"text":"Blog","link":"https:\/\/miel-le-goupil.fr\/index.php\/category\/blog\/"},"img":{"alt_text":"","src":"https:\/\/i0.wp.com\/miel-le-goupil.fr\/wp-content\/uploads\/2025\/04\/img_6739.jpg?fit=900%2C1200&ssl=1&resize=350%2C200","width":350,"height":200,"srcset":"https:\/\/i0.wp.com\/miel-le-goupil.fr\/wp-content\/uploads\/2025\/04\/img_6739.jpg?fit=900%2C1200&ssl=1&resize=350%2C200 1x, https:\/\/i0.wp.com\/miel-le-goupil.fr\/wp-content\/uploads\/2025\/04\/img_6739.jpg?fit=900%2C1200&ssl=1&resize=525%2C300 1.5x, https:\/\/i0.wp.com\/miel-le-goupil.fr\/wp-content\/uploads\/2025\/04\/img_6739.jpg?fit=900%2C1200&ssl=1&resize=700%2C400 2x"},"classes":[]},{"id":2017,"url":"https:\/\/miel-le-goupil.fr\/index.php\/2026\/04\/01\/pourquoi-abeilles-essaiment\/","url_meta":{"origin":2020,"position":3},"title":"Pourquoi les abeilles essaiment ?","author":"goupil.thomas","date":"1 avril 2026","format":false,"excerpt":"Comment reconna\u00eetre un essaim d\u2019abeilles au printemps ? Apparence, comportement et bons r\u00e9flexes expliqu\u00e9s par un apiculteur.","rel":"","context":"Dans &quot;Blog&quot;","block_context":{"text":"Blog","link":"https:\/\/miel-le-goupil.fr\/index.php\/category\/blog\/"},"img":{"alt_text":"","src":"https:\/\/i0.wp.com\/miel-le-goupil.fr\/wp-content\/uploads\/2026\/01\/image-4.png?resize=350%2C200&ssl=1","width":350,"height":200,"srcset":"https:\/\/i0.wp.com\/miel-le-goupil.fr\/wp-content\/uploads\/2026\/01\/image-4.png?resize=350%2C200&ssl=1 1x, https:\/\/i0.wp.com\/miel-le-goupil.fr\/wp-content\/uploads\/2026\/01\/image-4.png?resize=525%2C300&ssl=1 1.5x, https:\/\/i0.wp.com\/miel-le-goupil.fr\/wp-content\/uploads\/2026\/01\/image-4.png?resize=700%2C400&ssl=1 2x"},"classes":[]},{"id":439,"url":"https:\/\/miel-le-goupil.fr\/index.php\/2024\/03\/06\/pourquoi-les-abeilles-essaiment\/","url_meta":{"origin":2020,"position":4},"title":"Pourquoi les abeilles essaiment ?","author":"goupil.thomas","date":"6 mars 2024","format":false,"excerpt":"Les abeilles sont des insectes fascinants qui jouent un r\u00f4le crucial dans la pollinisation des plantes. Elles sont connues pour leur organisation sociale complexe et leur capacit\u00e9 \u00e0 produire du miel. Cependant, l'un des comportements les plus intrigants chez les abeilles, c'est de voir un essaim d'abeilles vol\u00e9s. C'est quoi\u2026","rel":"","context":"Dans &quot;Blog&quot;","block_context":{"text":"Blog","link":"https:\/\/miel-le-goupil.fr\/index.php\/category\/blog\/"},"img":{"alt_text":"close up of bees","src":"https:\/\/i0.wp.com\/miel-le-goupil.fr\/wp-content\/uploads\/2024\/03\/pexels-photo-12088464.jpeg?fit=1200%2C800&ssl=1&resize=350%2C200","width":350,"height":200,"srcset":"https:\/\/i0.wp.com\/miel-le-goupil.fr\/wp-content\/uploads\/2024\/03\/pexels-photo-12088464.jpeg?fit=1200%2C800&ssl=1&resize=350%2C200 1x, https:\/\/i0.wp.com\/miel-le-goupil.fr\/wp-content\/uploads\/2024\/03\/pexels-photo-12088464.jpeg?fit=1200%2C800&ssl=1&resize=525%2C300 1.5x, https:\/\/i0.wp.com\/miel-le-goupil.fr\/wp-content\/uploads\/2024\/03\/pexels-photo-12088464.jpeg?fit=1200%2C800&ssl=1&resize=700%2C400 2x, https:\/\/i0.wp.com\/miel-le-goupil.fr\/wp-content\/uploads\/2024\/03\/pexels-photo-12088464.jpeg?fit=1200%2C800&ssl=1&resize=1050%2C600 3x"},"classes":[]},{"id":421,"url":"https:\/\/miel-le-goupil.fr\/index.php\/2024\/02\/21\/les-abeilles-de-la-ruche-se-reveillent-doucement\/","url_meta":{"origin":2020,"position":5},"title":"Les abeilles de la ruche se r\u00e9veillent doucement","author":"goupil.thomas","date":"21 f\u00e9vrier 2024","format":false,"excerpt":"L'hiver est une p\u00e9riode de repos pour les abeilles. Elles se regroupent dans la ruche, En forment une grappe et maintiennent une temp\u00e9rature constante pour survivre au froid. En effet au milieu de la grappe la temp\u00e9rature autour de la reine est autour de 30 degr\u00e9s, mais en surface celle-ci\u2026","rel":"","context":"Dans &quot;Blog&quot;","block_context":{"text":"Blog","link":"https:\/\/miel-le-goupil.fr\/index.php\/category\/blog\/"},"img":{"alt_text":"brown and black bee on yellow flower nectar","src":"https:\/\/i0.wp.com\/miel-le-goupil.fr\/wp-content\/uploads\/2024\/02\/pexels-photo-460961.jpeg?fit=1200%2C900&ssl=1&resize=350%2C200","width":350,"height":200,"srcset":"https:\/\/i0.wp.com\/miel-le-goupil.fr\/wp-content\/uploads\/2024\/02\/pexels-photo-460961.jpeg?fit=1200%2C900&ssl=1&resize=350%2C200 1x, https:\/\/i0.wp.com\/miel-le-goupil.fr\/wp-content\/uploads\/2024\/02\/pexels-photo-460961.jpeg?fit=1200%2C900&ssl=1&resize=525%2C300 1.5x, https:\/\/i0.wp.com\/miel-le-goupil.fr\/wp-content\/uploads\/2024\/02\/pexels-photo-460961.jpeg?fit=1200%2C900&ssl=1&resize=700%2C400 2x, https:\/\/i0.wp.com\/miel-le-goupil.fr\/wp-content\/uploads\/2024\/02\/pexels-photo-460961.jpeg?fit=1200%2C900&ssl=1&resize=1050%2C600 3x"},"classes":[]}],"_links":{"self":[{"href":"https:\/\/miel-le-goupil.fr\/index.php\/wp-json\/wp\/v2\/posts\/2020","targetHints":{"allow":["GET"]}}],"collection":[{"href":"https:\/\/miel-le-goupil.fr\/index.php\/wp-json\/wp\/v2\/posts"}],"about":[{"href":"https:\/\/miel-le-goupil.fr\/index.php\/wp-json\/wp\/v2\/types\/post"}],"author":[{"embeddable":true,"href":"https:\/\/miel-le-goupil.fr\/index.php\/wp-json\/wp\/v2\/users\/1"}],"replies":[{"embeddable":true,"href":"https:\/\/miel-le-goupil.fr\/index.php\/wp-json\/wp\/v2\/comments?post=2020"}],"version-history":[{"count":1,"href":"https:\/\/miel-le-goupil.fr\/index.php\/wp-json\/wp\/v2\/posts\/2020\/revisions"}],"predecessor-version":[{"id":2028,"href":"https:\/\/miel-le-goupil.fr\/index.php\/wp-json\/wp\/v2\/posts\/2020\/revisions\/2028"}],"wp:attachment":[{"href":"https:\/\/miel-le-goupil.fr\/index.php\/wp-json\/wp\/v2\/media?parent=2020"}],"wp:term":[{"taxonomy":"category","embeddable":true,"href":"https:\/\/miel-le-goupil.fr\/index.php\/wp-json\/wp\/v2\/categories?post=2020"},{"taxonomy":"post_tag","embeddable":true,"href":"https:\/\/miel-le-goupil.fr\/index.php\/wp-json\/wp\/v2\/tags?post=2020"}],"curies":[{"name":"wp","href":"https:\/\/api.w.org\/{rel}","templated":true}]}}